{"id":18301,"date":"2021-05-11T12:10:29","date_gmt":"2021-05-11T10:10:29","guid":{"rendered":"http:\/\/zskarlino.pl\/?p=18301"},"modified":"2021-06-02T08:14:09","modified_gmt":"2021-06-02T06:14:09","slug":"konkurs-szkola-w-moich-oczach","status":"publish","type":"post","link":"https:\/\/zskarlino.pl\/?p=18301","title":{"rendered":"Konkurs &#8222;Szko\u0142a w moich oczach&#8221;"},"content":{"rendered":"\n<figure class=\"wp-block-pullquote\"><blockquote><p><span class=\"has-inline-color has-vivid-red-color\"><strong>Uwaga!<\/strong><\/span><\/p><p><span class=\"has-inline-color has-vivid-red-color\">Termin konkursu zosta\u0142 wyd\u0142u\u017cony do 05.06.2021 r <\/span><\/p><p><strong>REGULAMIN SZKOLNEGO KONKURSU<\/strong><\/p><p><strong>pt. \u201eSzko\u0142a w moich oczach\u201d<\/strong><\/p><\/blockquote><\/figure>\n\n\n\n<figure class=\"wp-block-image size-large\"><img loading=\"lazy\" decoding=\"async\" width=\"837\" height=\"594\" src=\"http:\/\/zskarlino.pl\/wp-content\/uploads\/2021\/05\/PLakat-SZKOLA-W-MOICH-OCZACH-3.jpg\" alt=\"\" class=\"wp-image-18315\" srcset=\"https:\/\/zskarlino.pl\/wp-content\/uploads\/2021\/05\/PLakat-SZKOLA-W-MOICH-OCZACH-3.jpg 837w, https:\/\/zskarlino.pl\/wp-content\/uploads\/2021\/05\/PLakat-SZKOLA-W-MOICH-OCZACH-3-300x213.jpg 300w, https:\/\/zskarlino.pl\/wp-content\/uploads\/2021\/05\/PLakat-SZKOLA-W-MOICH-OCZACH-3-768x545.jpg 768w, https:\/\/zskarlino.pl\/wp-content\/uploads\/2021\/05\/PLakat-SZKOLA-W-MOICH-OCZACH-3-750x532.jpg 750w\" sizes=\"auto, (max-width: 837px) 100vw, 837px\" \/><\/figure>\n\n\n\n<p><strong>CELE KONKURSU:<\/strong><\/p>\n\n\n\n<ol class=\"wp-block-list\" type=\"1\"><li>Motywowanie uczni\u00f3w do rozwijania zdolno\u015bci artystycznych i literackich.<\/li><li>Rozbudzanie motywacji do doskonalenia swej osobowo\u015bci i planowego samokszta\u0142cenia.<\/li><li>Zach\u0119canie i nauka uczestnictwa w kulturze.<\/li><li>Rozwijanie wyobra\u017ani i tw\u00f3rczego dzia\u0142ania uczni\u00f3w.<\/li><li>Rozbudzanie \u015bwiadomo\u015bci j\u0119zyka jako sk\u0142adnika dziedzictwa kulturowego; dba\u0142o\u015b\u0107 o kultur\u0119 i etyk\u0119 j\u0119zyka.<\/li><li>Dostosowywanie \u015brodk\u00f3w j\u0119zykowych do intencji wypowiedzi, sytuacji komunikacyjnej, formy wypowiedzi.<\/li><li>Rozwijanie zainteresowania komiksem i plakatem w\u015br\u00f3d m\u0142odzie\u017cy.<\/li><li>Wyrabianie nawyku dba\u0142o\u015bci o kultur\u0119 j\u0119zyka na r\u00f3\u017cnych poziomach (ortograficznym, interpunkcyjnym, leksykalnym, sk\u0142adniowym, fleksyjnym, graficznym).<\/li><li>Promowanie osi\u0105gni\u0119\u0107 uczni\u00f3w i prac na stronie szko\u0142y, facebooku co jest r\u00f3wnie\u017c promocj\u0105 szko\u0142y w\u015br\u00f3d \u015brodowiska lokalnego i szerszej grupy odbiorc\u00f3w.<\/li><\/ol>\n\n\n\n<p><strong>ZASADY UCZESTNICTWA:<\/strong><\/p>\n\n\n\n<ol class=\"wp-block-list\" type=\"1\"><li>Konkurs przeznaczony jest dla uczni\u00f3w ZS w Karlinie.<\/li><li>Ucze\u0144 mo\u017ce odda\u0107 tylko jedn\u0105 prac\u0119 wykonan\u0105 indywidualnie.<\/li><li>Ka\u017cda praca powinna zawiera\u0107 nast\u0119puj\u0105ce dane: imi\u0119 i nazwisko oraz klas\u0119.<\/li><li>Przekazanie prac na konkurs oznacza akceptacj\u0119 jego warunk\u00f3w, wyra\u017conych w niniejszym regulaminie.<\/li><\/ol>\n\n\n\n<p><strong>PRZEDMIOT KONKURSU:<\/strong><\/p>\n\n\n\n<ol class=\"wp-block-list\" type=\"1\"><li>Przedmiotem konkursu jest stworzenie komiksu albo plakatu o tematyce szkolnej.<\/li><\/ol>\n\n\n\n<p><strong>FORMY I WYMAGANIA KONKURSOWE:<\/strong><\/p>\n\n\n\n<ol class=\"wp-block-list\" type=\"1\"><li><strong><span style=\"color:#0b4a33\" class=\"has-inline-color\">Plakat:<\/span><\/strong><\/li><\/ol>\n\n\n\n<p>&nbsp;    a) Na konkurs nale\u017cy dostarczy\u0107 plakat wykonany w formacie A3 lub A2<br>&nbsp;&nbsp;   b) Plakat mo\u017ce by\u0107 zrobiony dowoln\u0105 technik\u0105 plastyczn\u0105<br>&nbsp;&nbsp;&nbsp;   c) Praca nie mo\u017ce by\u0107 kopi\u0105 istniej\u0105cych plakat\u00f3w.<\/p>\n\n\n\n<p><span style=\"color:#0e4c0a\" class=\"has-inline-color\"><strong>2. Komiks:<\/strong><\/span><\/p>\n\n\n\n<p>     a)  Na konkurs nale\u017cy dostarczy\u0107 jedn\u0105 prac\u0119 komiksow\u0105 stanowi\u0105c\u0105  <br>           zamkni\u0119t\u0105 ca\u0142o\u015b\u0107 obj\u0119to\u015bci od 1 do 3 stron formatu A3.<br>     b)  Komiks mo\u017ce by\u0107 wykonany dowoln\u0105 technik\u0105 plastyczn\u0105.<br>     c)  Praca nie mo\u017ce by\u0107 kopi\u0105 istniej\u0105cych komiks\u00f3w.<\/p>\n\n\n\n<p><strong>CZAS TRWANIA KONKURSU:<\/strong><\/p>\n\n\n\n<p>11.05.2021 \u2013 31.05.2021 r.<\/p>\n\n\n\n<p><strong>KRYTERIA OCENIANIA:<\/strong><\/p>\n\n\n\n<ol class=\"wp-block-list\" type=\"1\"><li>Prace uczestnik\u00f3w oceniane b\u0119d\u0105 przez Komisj\u0119, kt\u00f3ra b\u0119dzie uwzgl\u0119dnia\u0107: zgodno\u015b\u0107 pracy z tematem konkursu, oryginalno\u015b\u0107, kreatywno\u015b\u0107, walory artystyczne, m.in. kompozycj\u0119, kolorystyk\u0119, poprawno\u015b\u0107 j\u0119zykow\u0105 na poziomie ortograficznym, interpunkcyjnym, leksykalnym, sk\u0142adniowym, fleksyjnym oraz estetyk\u0119.<\/li><li>Komisja dokona wyboru w trybie g\u0142osowania, w przypadku r\u00f3wnej liczby g\u0142os\u00f3w decyduje g\u0142os Przewodnicz\u0105cego.<\/li><\/ol>\n\n\n\n<p><strong>USTALENIA OG\u00d3LNE:<\/strong><\/p>\n\n\n\n<ol class=\"wp-block-list\" type=\"1\"><li>Udzia\u0142 uczni\u00f3w w konkursie jest dobrowolny.<\/li><li>Konkurs jest jednoetapowy.<\/li><li>W etapie szkolnym konkursu mog\u0105 bra\u0107 udzia\u0142 wszyscy uczniowie zainteresowani konkursem.<\/li><li>Laureaci zostan\u0105 wy\u0142onieni spo\u015br\u00f3d wszystkich zg\u0142aszaj\u0105cych si\u0119 do konkursu uczni\u00f3w.<\/li><li>Za prawid\u0142owy przebieg konkursu odpowiedzialni s\u0105 &#8211; nauczyciel polonista oraz nauczyciel przedmiot\u00f3w zawodowych.<\/li><li>Informacje dotycz\u0105ce organizacji, przebiegu i wynik\u00f3w konkursu b\u0119d\u0105 umieszczone na stronie internetowej szko\u0142y www.zskarlino.pl.<\/li><li>Wybrane zostan\u0105 3 najlepsze plakaty i 3 najciekawsze komiksy.<\/li><li>Organizatorzy zastrzegaj\u0105 sobie prawo do zachowania prac.<\/li><li>Wszystkie komiksy spe\u0142niaj\u0105ce wymogi konkursu, zostan\u0105 umieszczone na wystawie szkolnej.<\/li><li>Laureaci konkursu otrzymaj\u0105 dyplomy i nagrody.<\/li><li>Zdj\u0119cia prac przesy\u0142amy na TEAMS do Pani Gra\u017cyny Chwieduk lub do Pani Doroty Olszewskiej.<\/li><\/ol>\n","protected":false},"excerpt":{"rendered":"<p>Uwaga! Termin konkursu zosta\u0142 wyd\u0142u\u017cony do 05.06.2021 r REGULAMIN SZKOLNEGO KONKURSU pt. \u201eSzko\u0142a w moich oczach\u201d CELE KONKURSU: Motywowanie uczni\u00f3w do rozwijania zdolno\u015bci artystycznych i literackich. Rozbudzanie motywacji do doskonalenia swej osobowo\u015bci i planowego samokszta\u0142cenia. Zach\u0119canie i nauka uczestnictwa w kulturze. Rozwijanie wyobra\u017ani i tw\u00f3rczego dzia\u0142ania uczni\u00f3w. Rozbudzanie \u015bwiadomo\u015bci j\u0119zyka jako sk\u0142adnika dziedzictwa kulturowego; dba\u0142o\u015b\u0107 &hellip; <\/p>\n<p><a class=\"more-link btn\" href=\"https:\/\/zskarlino.pl\/?p=18301\">Czytaj dalej<\/a><\/p>\n","protected":false},"author":3,"featured_media":0,"comment_status":"closed","ping_status":"closed","sticky":false,"template":"","format":"standard","meta":{"footnotes":""},"categories":[5],"tags":[],"class_list":["post-18301","post","type-post","status-publish","format-standard","hentry","category-dla-uczniow","item-wrap"],"_links":{"self":[{"href":"https:\/\/zskarlino.pl\/index.php?rest_route=\/wp\/v2\/posts\/18301","targetHints":{"allow":["GET"]}}],"collection":[{"href":"https:\/\/zskarlino.pl\/index.php?rest_route=\/wp\/v2\/posts"}],"about":[{"href":"https:\/\/zskarlino.pl\/index.php?rest_route=\/wp\/v2\/types\/post"}],"author":[{"embeddable":true,"href":"https:\/\/zskarlino.pl\/index.php?rest_route=\/wp\/v2\/users\/3"}],"replies":[{"embeddable":true,"href":"https:\/\/zskarlino.pl\/index.php?rest_route=%2Fwp%2Fv2%2Fcomments&post=18301"}],"version-history":[{"count":4,"href":"https:\/\/zskarlino.pl\/index.php?rest_route=\/wp\/v2\/posts\/18301\/revisions"}],"predecessor-version":[{"id":18362,"href":"https:\/\/zskarlino.pl\/index.php?rest_route=\/wp\/v2\/posts\/18301\/revisions\/18362"}],"wp:attachment":[{"href":"https:\/\/zskarlino.pl\/index.php?rest_route=%2Fwp%2Fv2%2Fmedia&parent=18301"}],"wp:term":[{"taxonomy":"category","embeddable":true,"href":"https:\/\/zskarlino.pl\/index.php?rest_route=%2Fwp%2Fv2%2Fcategories&post=18301"},{"taxonomy":"post_tag","embeddable":true,"href":"https:\/\/zskarlino.pl\/index.php?rest_route=%2Fwp%2Fv2%2Ftags&post=18301"}],"curies":[{"name":"wp","href":"https:\/\/api.w.org\/{rel}","templated":true}]}}