{"id":18296,"date":"2021-05-11T07:00:00","date_gmt":"2021-05-11T05:00:00","guid":{"rendered":"http:\/\/zskarlino.pl\/?p=18296"},"modified":"2021-06-08T18:17:57","modified_gmt":"2021-06-08T16:17:57","slug":"informacja-na-temat-organizacji-pracy-zespolu-szkol-w-karlinie-od-17-maja-2021r","status":"publish","type":"post","link":"https:\/\/zskarlino.pl\/?p=18296","title":{"rendered":"Informacja na temat organizacji pracy Zespo\u0142u Szk\u00f3\u0142 w Karlinie od 17 maja 2021r."},"content":{"rendered":"\n<p>Drodzy Uczniowie i Rodzice,&nbsp;<\/p>\n\n\n\n<p>Od poniedzia\u0142ku <strong>17 maja<\/strong> przechodzimy w tryb hybrydowy nauki&nbsp;zgodnie z poni\u017cszymi za\u0142o\u017ceniami:&nbsp;&nbsp;&nbsp;&nbsp;<\/p>\n\n\n\n<p><strong>Wszystkie oddzia\u0142y&nbsp;Bran\u017cowej&nbsp;Szko\u0142y&nbsp;I&nbsp;stopnia&nbsp;<\/strong>&nbsp;<br>1)&nbsp;ucz\u0105 si\u0119 stacjonarnie w szkole w dni nauki szkolnej,&nbsp;<br>2)&nbsp;odbywaj\u0105 praktyki zawodowe u pracodawc\u00f3w na dotychczasowych zasadach.&nbsp;&nbsp;&nbsp;<\/p>\n\n\n\n<p><strong>Wszystkie oddzia\u0142y&nbsp;Technikum:<\/strong>&nbsp;<br>1)&nbsp;w dni zaj\u0119\u0107 praktycznych \u2013 wszystkie zaj\u0119cia&nbsp;&#8211;&nbsp;zar\u00f3wno zawodowe praktyczne, jak i og\u00f3lnokszta\u0142c\u0105ce &#8211; obywaj\u0105&nbsp;si\u0119&nbsp;w&nbsp;szkole,&nbsp;zgodnie z&nbsp;poni\u017cszym&nbsp;planem:&nbsp;<br><strong>ROZK\u0141AD DNI SZKOLNYCH DLA KLAS TECHNIKUM<\/strong>&nbsp;w terminie 17 \u2013 28 maja 2021r.&nbsp;<br>I TM&nbsp;\u2013 \u015broda i pi\u0105tek<br>I TG&nbsp;\u2013&nbsp;pi\u0105tek&nbsp;&nbsp;<br>II TGa&nbsp;\u2013&nbsp;wtorek&nbsp;&nbsp;<br>II TGb&nbsp;\u2013&nbsp;poniedzia\u0142ek&nbsp;&nbsp;&nbsp;<br>II TMb \/ II TMa&nbsp;(naprzemiennie)&nbsp;\u2013&nbsp;\u015broda&nbsp;-wyjazdy na Politechnik\u0119 Koszali\u0144sk\u0105;&nbsp;&nbsp;&nbsp;<br>III TM&nbsp;\u2013&nbsp;wtorek&nbsp;&#8211; szko\u0142a;&nbsp;\u015broda&nbsp;wyjazdy na Politechnik\u0119 Koszali\u0144sk\u0105&nbsp;<br>2) w pozosta\u0142e dni tygodnia &#8211;&nbsp;zaj\u0119cia og\u00f3lnokszta\u0142c\u0105ce i teoretyczne zawodowe&nbsp;w technikum odbywaj\u0105 si\u0119&nbsp;zdalnie.&nbsp;<\/p>\n\n\n\n<p>W przypadku pyta\u0144 lub w\u0105tpliwo\u015bci prosz\u0119 kontaktowa\u0107 si\u0119 z wychowawcami.&nbsp;&nbsp;<\/p>\n\n\n\n<p>W szkole nadal obowi\u0105zuj\u0105 Procedury bezpiecze\u0144stwa w zwi\u0105zku z zapobieganiem i przeciwdzia\u0142anie COVID-19 &#8211; obowi\u0105zkowy dystans, dezynfekcja oraz zakrywanie ust i nosa w przestrzeniach wsp\u00f3lnych.<br>Jednocze\u015bnie przypominam o planowanym na 18 maja zebraniu z rodzicami.&nbsp;<br>O formie (zdalnej lub stacjonarnej) lub ewentualnej modyfikacji terminu &#8211; poinformuj\u0105 wychowawcy. <\/p>\n\n\n\n<p>Drodzy Uczniowie, <br>Bardzo cieszymy si\u0119 z mo\u017cliwo\u015bci wznowienia wi\u0119kszo\u015bci zaj\u0119\u0107 i liczymy, \u017ce b\u0119dzie to dobry czas na odbudowywanie naszych relacji i wyja\u015bnianie najtrudniejszych tre\u015bci! Czekamy na Was wszystkich ju\u017c 31 maja!<\/p>\n\n\n\n<p>&nbsp;<\/p>\n\n\n\n<p class=\"has-text-align-right\">Justyna Syga<\/p>\n","protected":false},"excerpt":{"rendered":"<p>Drodzy Uczniowie i Rodzice,&nbsp; Od poniedzia\u0142ku 17 maja przechodzimy w tryb hybrydowy nauki&nbsp;zgodnie z poni\u017cszymi za\u0142o\u017ceniami:&nbsp;&nbsp;&nbsp;&nbsp; Wszystkie oddzia\u0142y&nbsp;Bran\u017cowej&nbsp;Szko\u0142y&nbsp;I&nbsp;stopnia&nbsp;&nbsp;1)&nbsp;ucz\u0105 si\u0119 stacjonarnie w szkole w dni nauki szkolnej,&nbsp;2)&nbsp;odbywaj\u0105 praktyki zawodowe u pracodawc\u00f3w na dotychczasowych zasadach.&nbsp;&nbsp;&nbsp; Wszystkie oddzia\u0142y&nbsp;Technikum:&nbsp;1)&nbsp;w dni zaj\u0119\u0107 praktycznych \u2013 wszystkie zaj\u0119cia&nbsp;&#8211;&nbsp;zar\u00f3wno zawodowe praktyczne, jak i og\u00f3lnokszta\u0142c\u0105ce &#8211; obywaj\u0105&nbsp;si\u0119&nbsp;w&nbsp;szkole,&nbsp;zgodnie z&nbsp;poni\u017cszym&nbsp;planem:&nbsp;ROZK\u0141AD DNI SZKOLNYCH DLA KLAS TECHNIKUM&nbsp;w terminie &hellip; <\/p>\n<p><a class=\"more-link btn\" href=\"https:\/\/zskarlino.pl\/?p=18296\">Czytaj dalej<\/a><\/p>\n","protected":false},"author":8,"featured_media":17806,"comment_status":"closed","ping_status":"closed","sticky":false,"template":"","format":"standard","meta":{"footnotes":""},"categories":[3],"tags":[],"class_list":["post-18296","post","type-post","status-publish","format-standard","has-post-thumbnail","hentry","category-wydarzenia","item-wrap"],"_links":{"self":[{"href":"https:\/\/zskarlino.pl\/index.php?rest_route=\/wp\/v2\/posts\/18296","targetHints":{"allow":["GET"]}}],"collection":[{"href":"https:\/\/zskarlino.pl\/index.php?rest_route=\/wp\/v2\/posts"}],"about":[{"href":"https:\/\/zskarlino.pl\/index.php?rest_route=\/wp\/v2\/types\/post"}],"author":[{"embeddable":true,"href":"https:\/\/zskarlino.pl\/index.php?rest_route=\/wp\/v2\/users\/8"}],"replies":[{"embeddable":true,"href":"https:\/\/zskarlino.pl\/index.php?rest_route=%2Fwp%2Fv2%2Fcomments&post=18296"}],"version-history":[{"count":4,"href":"https:\/\/zskarlino.pl\/index.php?rest_route=\/wp\/v2\/posts\/18296\/revisions"}],"predecessor-version":[{"id":18408,"href":"https:\/\/zskarlino.pl\/index.php?rest_route=\/wp\/v2\/posts\/18296\/revisions\/18408"}],"wp:featuredmedia":[{"embeddable":true,"href":"https:\/\/zskarlino.pl\/index.php?rest_route=\/wp\/v2\/media\/17806"}],"wp:attachment":[{"href":"https:\/\/zskarlino.pl\/index.php?rest_route=%2Fwp%2Fv2%2Fmedia&parent=18296"}],"wp:term":[{"taxonomy":"category","embeddable":true,"href":"https:\/\/zskarlino.pl\/index.php?rest_route=%2Fwp%2Fv2%2Fcategories&post=18296"},{"taxonomy":"post_tag","embeddable":true,"href":"https:\/\/zskarlino.pl\/index.php?rest_route=%2Fwp%2Fv2%2Ftags&post=18296"}],"curies":[{"name":"wp","href":"https:\/\/api.w.org\/{rel}","templated":true}]}}