{"id":18274,"date":"2021-04-30T17:00:18","date_gmt":"2021-04-30T15:00:18","guid":{"rendered":"http:\/\/zskarlino.pl\/?p=18274"},"modified":"2021-05-10T21:28:24","modified_gmt":"2021-05-10T19:28:24","slug":"informacja-dyrektora-zespolu-szkol-w-karlinie-na-temat-organizacji-pracy-od-4-maja-2021-roku","status":"publish","type":"post","link":"https:\/\/zskarlino.pl\/?p=18274","title":{"rendered":"Informacja Dyrektora Zespo\u0142u Szk\u00f3\u0142 w Karlinie na temat organizacji pracy od 4 maja 2021 roku"},"content":{"rendered":"\n<p>W zwi\u0105zku z Rozporz\u0105dzeniem Ministra Edukacji i Nauki z dnia 29 kwietnia 2021r. informuj\u0119 o sposobach realizacji zada\u0144 jednostki od dnia 04 maja 2021 roku.<\/p>\n\n\n\n<p>Uczniowie <strong>BSI<\/strong> &#8211; m\u0142odociani pracownicy realizuj\u0105 praktyczn\u0105 nauk\u0119 zawodu u swoich pracodawc\u00f3w na dotychczasowych zasadach, zgodnie z ustaleniami z pracodawcami.<\/p>\n\n\n\n<p><strong><u>Od dnia 7 maja<\/u><\/strong> uczniowie <strong>Technikum<\/strong> wracaj\u0105 <strong><u>na zaj\u0119cia praktyczne<\/u><\/strong> w szkole zgodnie z dotychczasowym planem:<br>I TG \u2013 pi\u0105tek (ca\u0142a klasa)<br>I TM \u2013 (ca\u0142a klasa) \u015broda i pi\u0105tek; opr\u00f3cz 7 i 12 maja, kiedy uczniowie ucz\u0105 si\u0119 zdalnie<br>II TGa \u2013 wtorek <br>II TGb \u2013 poniedzia\u0142ek (ca\u0142a klasa)<br>II TMa \/ II TMb\u00a0(naprzemiennie)\u00a0\u2013\u00a0\u015broda,\u00a0wyjazdy na Politechnik\u0119 Koszali\u0144sk\u0105;\u00a0<br>III TM\u00a0\u2013\u00a0wtorek\u00a0&#8211; szko\u0142a;\u00a0\u015broda\u00a0wyjazdy na Politechnik\u0119 Koszali\u0144sk\u0105<\/p>\n\n\n\n<p><strong>Internat<\/strong> jest do dyspozycji uczni\u00f3w Technikum w dniach nauki w szkole, a dla uczni\u00f3w BSI tak\u017ce&nbsp; w dniach praktyk zawodowych. Prosz\u0119 zg\u0142asza\u0107 wychowawcom oraz Pani Wicedyrektor ch\u0119\u0107 korzystania z internatu. <\/p>\n\n\n\n<p>Jednocze\u015bnie przypominam, \u017ce dni <strong>4, 5, 6 maja<\/strong> s\u0105 dniami wolnymi od zaj\u0119\u0107 dydaktycznych, zgodnie z Zarz\u0105dzeniem Dyrektora Szko\u0142y. <br>O kolejnych zmianach w organizacji pracy Zespo\u0142u Szk\u00f3\u0142 w Karlinie b\u0119dziemy informowa\u0107 poprzez stron\u0119 internetow\u0105 szko\u0142y, dlatego prosz\u0119 na bie\u017c\u0105co j\u0105 \u015bledzi\u0107.<\/p>\n\n\n\n<p class=\"has-text-align-right\">Justyna Syga<\/p>\n","protected":false},"excerpt":{"rendered":"<p>W zwi\u0105zku z Rozporz\u0105dzeniem Ministra Edukacji i Nauki z dnia 29 kwietnia 2021r. informuj\u0119 o sposobach realizacji zada\u0144 jednostki od dnia 04 maja 2021 roku. Uczniowie BSI &#8211; m\u0142odociani pracownicy realizuj\u0105 praktyczn\u0105 nauk\u0119 zawodu u swoich pracodawc\u00f3w na dotychczasowych zasadach, zgodnie z ustaleniami z pracodawcami. Od dnia 7 maja uczniowie Technikum wracaj\u0105 na zaj\u0119cia praktyczne &hellip; <\/p>\n<p><a class=\"more-link btn\" href=\"https:\/\/zskarlino.pl\/?p=18274\">Czytaj dalej<\/a><\/p>\n","protected":false},"author":8,"featured_media":17805,"comment_status":"closed","ping_status":"closed","sticky":false,"template":"","format":"standard","meta":{"footnotes":""},"categories":[3],"tags":[],"class_list":["post-18274","post","type-post","status-publish","format-standard","has-post-thumbnail","hentry","category-wydarzenia","item-wrap"],"_links":{"self":[{"href":"https:\/\/zskarlino.pl\/index.php?rest_route=\/wp\/v2\/posts\/18274","targetHints":{"allow":["GET"]}}],"collection":[{"href":"https:\/\/zskarlino.pl\/index.php?rest_route=\/wp\/v2\/posts"}],"about":[{"href":"https:\/\/zskarlino.pl\/index.php?rest_route=\/wp\/v2\/types\/post"}],"author":[{"embeddable":true,"href":"https:\/\/zskarlino.pl\/index.php?rest_route=\/wp\/v2\/users\/8"}],"replies":[{"embeddable":true,"href":"https:\/\/zskarlino.pl\/index.php?rest_route=%2Fwp%2Fv2%2Fcomments&post=18274"}],"version-history":[{"count":4,"href":"https:\/\/zskarlino.pl\/index.php?rest_route=\/wp\/v2\/posts\/18274\/revisions"}],"predecessor-version":[{"id":18298,"href":"https:\/\/zskarlino.pl\/index.php?rest_route=\/wp\/v2\/posts\/18274\/revisions\/18298"}],"wp:featuredmedia":[{"embeddable":true,"href":"https:\/\/zskarlino.pl\/index.php?rest_route=\/wp\/v2\/media\/17805"}],"wp:attachment":[{"href":"https:\/\/zskarlino.pl\/index.php?rest_route=%2Fwp%2Fv2%2Fmedia&parent=18274"}],"wp:term":[{"taxonomy":"category","embeddable":true,"href":"https:\/\/zskarlino.pl\/index.php?rest_route=%2Fwp%2Fv2%2Fcategories&post=18274"},{"taxonomy":"post_tag","embeddable":true,"href":"https:\/\/zskarlino.pl\/index.php?rest_route=%2Fwp%2Fv2%2Ftags&post=18274"}],"curies":[{"name":"wp","href":"https:\/\/api.w.org\/{rel}","templated":true}]}}