{"id":18256,"date":"2021-04-30T14:00:54","date_gmt":"2021-04-30T12:00:54","guid":{"rendered":"http:\/\/zskarlino.pl\/?p=18256"},"modified":"2021-05-02T20:53:25","modified_gmt":"2021-05-02T18:53:25","slug":"dla-maturzystow","status":"publish","type":"post","link":"https:\/\/zskarlino.pl\/?p=18256","title":{"rendered":"Zako\u0144czenie Roku Szkolnego 2020\/21 klasy maturalnej"},"content":{"rendered":"\n<p>30 kwietnia uroczy\u015bcie, chocia\u017c w re\u017cimie sanitarnym i w mniejszych grupach, po\u017cegnali\u015bmy wyj\u0105tkowy, bo pierwszy rocznik naszego Technikum. Jeste\u015bmy dumni, \u017ce 100% uczni\u00f3w kszta\u0142c\u0105cych si\u0119 na kierunku technik mechatronik uko\u0144czy\u0142o szko\u0142\u0119 w terminie i w takim samym sk\u0142adzie podejd\u0105 ju\u017c w przysz\u0142ym tygodniu do egzamin\u00f3w maturalnych. <\/p>\n\n\n\n<p>Ze specjalnymi \u017cyczeniami &#8211; przekazanymi za pomoc\u0105 technik na odleg\u0142o\u015b\u0107, zwr\u00f3ci\u0142 si\u0119 do naszych Absolwent\u00f3w, Pan Waldemar Mi\u015bko, Burmistrz Karlina. <br><\/p>\n\n\n\n<figure class=\"wp-block-image size-large\"><img loading=\"lazy\" decoding=\"async\" width=\"800\" height=\"456\" src=\"http:\/\/zskarlino.pl\/wp-content\/uploads\/2021\/05\/image.png\" alt=\"\" class=\"wp-image-18281\" srcset=\"https:\/\/zskarlino.pl\/wp-content\/uploads\/2021\/05\/image.png 800w, https:\/\/zskarlino.pl\/wp-content\/uploads\/2021\/05\/image-300x171.png 300w, https:\/\/zskarlino.pl\/wp-content\/uploads\/2021\/05\/image-768x438.png 768w, https:\/\/zskarlino.pl\/wp-content\/uploads\/2021\/05\/image-750x428.png 750w\" sizes=\"auto, (max-width: 800px) 100vw, 800px\" \/><figcaption>Kadr z \u017cycze\u0144 Pana Burmistrza Karlina<\/figcaption><\/figure>\n\n\n\n<p>Nast\u0119pnie zebrani wys\u0142uchali Przewodnicz\u0105cej Samorz\u0105du Uczniowskiego, Darii Kozyry. Jej \u017cyczenia r\u00f3wnie\u017c zosta\u0142y przygotowane w formie przekazu filmowego<\/p>\n\n\n\n<figure class=\"wp-block-image size-large\"><img loading=\"lazy\" decoding=\"async\" width=\"960\" height=\"720\" src=\"http:\/\/zskarlino.pl\/wp-content\/uploads\/2021\/05\/Slide3.jpg\" alt=\"\" class=\"wp-image-18282\" srcset=\"https:\/\/zskarlino.pl\/wp-content\/uploads\/2021\/05\/Slide3.jpg 960w, https:\/\/zskarlino.pl\/wp-content\/uploads\/2021\/05\/Slide3-300x225.jpg 300w, https:\/\/zskarlino.pl\/wp-content\/uploads\/2021\/05\/Slide3-768x576.jpg 768w, https:\/\/zskarlino.pl\/wp-content\/uploads\/2021\/05\/Slide3-750x563.jpg 750w\" sizes=\"auto, (max-width: 960px) 100vw, 960px\" \/><figcaption>Kadr z przem\u00f3wienia Przewodnicz\u0105cej Samorz\u0105du Uczniowskiego <\/figcaption><\/figure>\n\n\n\n<p> W uroczysto\u015bci udzia\u0142 wzi\u0105\u0142 Pan Piotr Wo\u015b, Zast\u0119pca Burmistrza Karlina, kt\u00f3ry wraz z wychowawc\u0105, Panem Miros\u0142awem Spolskim, wr\u0119czy\u0142 obecnym absolwentom \u015bwiadectwa uko\u0144czenia szko\u0142y.<\/p>\n\n\n\n<p>Na koniec wszyscy zebrani mogli obejrze\u0107 kr\u00f3tki monta\u017c ze zdj\u0119\u0107 naszych absolwent\u00f3w, kt\u00f3ry przygotowa\u0142 Mateusz Kozyra, z klasy IITGa. <\/p>\n\n\n\n<figure class=\"wp-block-video\"><video height=\"1080\" style=\"aspect-ratio: 1920 \/ 1080;\" width=\"1920\" controls src=\"http:\/\/zskarlino.pl\/wp-content\/uploads\/2021\/05\/4.-wspomnienia_-klasa-4-TM.mp4\"><\/video><figcaption>Monta\u017c ze zdj\u0119\u0107 klasowych IV TM 2017-2021<\/figcaption><\/figure>\n\n\n\n<figure class=\"wp-block-image size-large\"><img loading=\"lazy\" decoding=\"async\" width=\"720\" height=\"540\" src=\"http:\/\/zskarlino.pl\/wp-content\/uploads\/2021\/04\/Zyczenia.jpg\" alt=\"\" class=\"wp-image-18259\" srcset=\"https:\/\/zskarlino.pl\/wp-content\/uploads\/2021\/04\/Zyczenia.jpg 720w, https:\/\/zskarlino.pl\/wp-content\/uploads\/2021\/04\/Zyczenia-300x225.jpg 300w\" sizes=\"auto, (max-width: 720px) 100vw, 720px\" \/><figcaption>\u017byczenia dla maturzyst\u00f3w od Samorz\u0105du Uczniowskiego<\/figcaption><\/figure>\n\n\n\n<p>Absolwenci Technikum w Karlinie 2021 na d\u0142ugo pozostan\u0105 w naszej pami\u0119ci, bo by\u0142 to wyj\u0105tkowy rocznik, nie tylko dlatego, \u017ce pierwszy. Spo\u0142eczno\u015b\u0107 Zespo\u0142u Szk\u00f3\u0142 w Karlinie pi\u0119knie dzi\u0119kuje za wyj\u0105tkow\u0105 pami\u0105tk\u0119, jak\u0105 po sobie nam zostawili.<\/p>\n\n\n\n<figure class=\"wp-block-image size-large\"><img loading=\"lazy\" decoding=\"async\" width=\"1024\" height=\"749\" src=\"http:\/\/zskarlino.pl\/wp-content\/uploads\/2021\/05\/IMG_1373-1-1024x749.jpg\" alt=\"\" class=\"wp-image-18286\" srcset=\"https:\/\/zskarlino.pl\/wp-content\/uploads\/2021\/05\/IMG_1373-1-1024x749.jpg 1024w, https:\/\/zskarlino.pl\/wp-content\/uploads\/2021\/05\/IMG_1373-1-300x219.jpg 300w, https:\/\/zskarlino.pl\/wp-content\/uploads\/2021\/05\/IMG_1373-1-768x562.jpg 768w, https:\/\/zskarlino.pl\/wp-content\/uploads\/2021\/05\/IMG_1373-1-1536x1123.jpg 1536w, https:\/\/zskarlino.pl\/wp-content\/uploads\/2021\/05\/IMG_1373-1-2048x1498.jpg 2048w, https:\/\/zskarlino.pl\/wp-content\/uploads\/2021\/05\/IMG_1373-1-750x549.jpg 750w\" sizes=\"auto, (max-width: 1024px) 100vw, 1024px\" \/><figcaption>Pami\u0105tkowa tablica przekazana przez Absolwent\u00f3w Technikum w Karlinie 2021<\/figcaption><\/figure>\n\n\n\n<p> <\/p>\n","protected":false},"excerpt":{"rendered":"<p>30 kwietnia uroczy\u015bcie, chocia\u017c w re\u017cimie sanitarnym i w mniejszych grupach, po\u017cegnali\u015bmy wyj\u0105tkowy, bo pierwszy rocznik naszego Technikum. Jeste\u015bmy dumni, \u017ce 100% uczni\u00f3w kszta\u0142c\u0105cych si\u0119 na kierunku technik mechatronik uko\u0144czy\u0142o szko\u0142\u0119 w terminie i w takim samym sk\u0142adzie podejd\u0105 ju\u017c w przysz\u0142ym tygodniu do egzamin\u00f3w maturalnych. Ze specjalnymi \u017cyczeniami &#8211; przekazanymi za pomoc\u0105 technik na &hellip; <\/p>\n<p><a class=\"more-link btn\" href=\"https:\/\/zskarlino.pl\/?p=18256\">Czytaj dalej<\/a><\/p>\n","protected":false},"author":8,"featured_media":18280,"comment_status":"closed","ping_status":"closed","sticky":false,"template":"","format":"standard","meta":{"footnotes":""},"categories":[3],"tags":[],"class_list":["post-18256","post","type-post","status-publish","format-standard","has-post-thumbnail","hentry","category-wydarzenia","item-wrap"],"_links":{"self":[{"href":"https:\/\/zskarlino.pl\/index.php?rest_route=\/wp\/v2\/posts\/18256","targetHints":{"allow":["GET"]}}],"collection":[{"href":"https:\/\/zskarlino.pl\/index.php?rest_route=\/wp\/v2\/posts"}],"about":[{"href":"https:\/\/zskarlino.pl\/index.php?rest_route=\/wp\/v2\/types\/post"}],"author":[{"embeddable":true,"href":"https:\/\/zskarlino.pl\/index.php?rest_route=\/wp\/v2\/users\/8"}],"replies":[{"embeddable":true,"href":"https:\/\/zskarlino.pl\/index.php?rest_route=%2Fwp%2Fv2%2Fcomments&post=18256"}],"version-history":[{"count":5,"href":"https:\/\/zskarlino.pl\/index.php?rest_route=\/wp\/v2\/posts\/18256\/revisions"}],"predecessor-version":[{"id":18287,"href":"https:\/\/zskarlino.pl\/index.php?rest_route=\/wp\/v2\/posts\/18256\/revisions\/18287"}],"wp:featuredmedia":[{"embeddable":true,"href":"https:\/\/zskarlino.pl\/index.php?rest_route=\/wp\/v2\/media\/18280"}],"wp:attachment":[{"href":"https:\/\/zskarlino.pl\/index.php?rest_route=%2Fwp%2Fv2%2Fmedia&parent=18256"}],"wp:term":[{"taxonomy":"category","embeddable":true,"href":"https:\/\/zskarlino.pl\/index.php?rest_route=%2Fwp%2Fv2%2Fcategories&post=18256"},{"taxonomy":"post_tag","embeddable":true,"href":"https:\/\/zskarlino.pl\/index.php?rest_route=%2Fwp%2Fv2%2Ftags&post=18256"}],"curies":[{"name":"wp","href":"https:\/\/api.w.org\/{rel}","templated":true}]}}