{"id":18189,"date":"2021-04-23T09:11:05","date_gmt":"2021-04-23T07:11:05","guid":{"rendered":"http:\/\/zskarlino.pl\/?p=18189"},"modified":"2021-04-24T09:36:51","modified_gmt":"2021-04-24T07:36:51","slug":"swiatowy-dzien-ksiazki","status":"publish","type":"post","link":"https:\/\/zskarlino.pl\/?p=18189","title":{"rendered":"\u015awiatowy Dzie\u0144 Ksi\u0105\u017cki"},"content":{"rendered":"\n<p class=\"has-text-align-center\">Dzi\u015b \u015awiatowy Dzie\u0144 Ksi\u0105\u017cki i Praw Autorskich \u2013 to doroczne \u015bwi\u0119to organizowane przez UNESCO w celu promocji czytelnictwa i ochrony w\u0142asno\u015bci intelektualnej.&nbsp;Z tej okazji nasi uczniowie klas Technikum o kierunku technik grafiki i poligrafii cyfrowej, zainicjowali swoisty rodzaj \u201ebookmark-crossingu\u201d. Przygotowali bowiem autorskie projekty zak\u0142adek do ksi\u0105\u017cek, tych du\u017cych i ma\u0142ych. Pobierz, wydrukuj, podaruj komu\u015b lub ciesz si\u0119 sam, swoj\u0105 now\u0105 zak\u0142adk\u0105.<\/p>\n\n\n\n<div class=\"wp-block-group\"><div class=\"wp-block-group__inner-container is-layout-flow wp-block-group-is-layout-flow\">\n<div class=\"wp-block-image\"><figure class=\"alignleft size-large is-resized\"><img loading=\"lazy\" decoding=\"async\" src=\"http:\/\/zskarlino.pl\/wp-content\/uploads\/2021\/04\/Z.-Guzierowicz-II-TGB-341x1024.png\" alt=\"\" class=\"wp-image-18193\" width=\"127\" height=\"383\"\/><figcaption> II TGb <br>Zuzanna Guzierowicz<\/figcaption><\/figure><\/div>\n\n\n\n<div class=\"wp-block-image\"><figure class=\"alignleft size-large is-resized\"><img loading=\"lazy\" decoding=\"async\" src=\"http:\/\/zskarlino.pl\/wp-content\/uploads\/2021\/04\/Anastasia-Bilian-IITGB-244x1024.jpg\" alt=\"\" class=\"wp-image-18192\" width=\"91\" height=\"382\" srcset=\"https:\/\/zskarlino.pl\/wp-content\/uploads\/2021\/04\/Anastasia-Bilian-IITGB-244x1024.jpg 244w, https:\/\/zskarlino.pl\/wp-content\/uploads\/2021\/04\/Anastasia-Bilian-IITGB-366x1536.jpg 366w, https:\/\/zskarlino.pl\/wp-content\/uploads\/2021\/04\/Anastasia-Bilian-IITGB-488x2048.jpg 488w, https:\/\/zskarlino.pl\/wp-content\/uploads\/2021\/04\/Anastasia-Bilian-IITGB.jpg 591w\" sizes=\"auto, (max-width: 91px) 100vw, 91px\" \/><figcaption> II TGb <br>Anastasia Bilan<\/figcaption><\/figure><\/div>\n\n\n\n<div class=\"wp-block-image\"><figure class=\"alignleft size-large is-resized\"><img loading=\"lazy\" decoding=\"async\" src=\"http:\/\/zskarlino.pl\/wp-content\/uploads\/2021\/04\/Roksana-Matczak-kl.ITG_-rotated.jpg\" alt=\"\" class=\"wp-image-18205\" width=\"72\" height=\"382\"\/><figcaption> I TG<br> Roksana Matczak<\/figcaption><\/figure><\/div>\n\n\n\n<div class=\"wp-block-image\"><figure class=\"alignleft size-large is-resized\"><img loading=\"lazy\" decoding=\"async\" src=\"http:\/\/zskarlino.pl\/wp-content\/uploads\/2021\/04\/nikodem-zakladka2-1-370x1024.jpg\" alt=\"\" class=\"wp-image-18206\" width=\"138\" height=\"382\" srcset=\"https:\/\/zskarlino.pl\/wp-content\/uploads\/2021\/04\/nikodem-zakladka2-1-370x1024.jpg 370w, https:\/\/zskarlino.pl\/wp-content\/uploads\/2021\/04\/nikodem-zakladka2-1-556x1536.jpg 556w, https:\/\/zskarlino.pl\/wp-content\/uploads\/2021\/04\/nikodem-zakladka2-1.jpg 687w\" sizes=\"auto, (max-width: 138px) 100vw, 138px\" \/><figcaption>I TG <br>Nikodem Szwedo<\/figcaption><\/figure><\/div>\n\n\n\n<div class=\"wp-block-image\"><figure class=\"alignleft size-large is-resized\"><img loading=\"lazy\" decoding=\"async\" src=\"http:\/\/zskarlino.pl\/wp-content\/uploads\/2021\/04\/Zakladka.1-1-285x1024.jpg\" alt=\"\" class=\"wp-image-18207\" width=\"108\" height=\"382\"\/><figcaption> I TG <br>Hubert Studzi\u0144ski<\/figcaption><\/figure><\/div>\n\n\n\n<div class=\"wp-block-image\"><figure class=\"alignleft size-large is-resized\"><img loading=\"lazy\" decoding=\"async\" src=\"http:\/\/zskarlino.pl\/wp-content\/uploads\/2021\/04\/ZakladkaBiala-Perebyinis-OleksiiJPG-1-139x1024.jpg\" alt=\"\" class=\"wp-image-18215\" width=\"53\" height=\"381\"\/><figcaption>I TG<br>Oleksii Perebyinis<\/figcaption><\/figure><\/div>\n\n\n\n<div class=\"wp-block-image\"><figure class=\"alignleft size-large is-resized\"><img loading=\"lazy\" decoding=\"async\" src=\"http:\/\/zskarlino.pl\/wp-content\/uploads\/2021\/04\/Projekt-Martyny-341x1024.png\" alt=\"\" class=\"wp-image-18238\" width=\"100\" height=\"303\"\/><figcaption>II TGa<br>Martyna Bagi\u0144ska<\/figcaption><\/figure><\/div>\n\n\n\n<div class=\"wp-block-image\"><figure class=\"alignleft size-large is-resized\"><img loading=\"lazy\" decoding=\"async\" src=\"http:\/\/zskarlino.pl\/wp-content\/uploads\/2021\/04\/Zakladka-Ady-341x1024.jpg\" alt=\"\" class=\"wp-image-18239\" width=\"100\" height=\"303\"\/><figcaption>II TGa<br>Adrianna<br>Gry\u0144<\/figcaption><\/figure><\/div>\n\n\n\n<div class=\"wp-block-image\"><figure class=\"alignleft size-large is-resized\"><img loading=\"lazy\" decoding=\"async\" src=\"http:\/\/zskarlino.pl\/wp-content\/uploads\/2021\/04\/Zakladka-Alicji-341x1024.png\" alt=\"\" class=\"wp-image-18240\" width=\"101\" height=\"302\" srcset=\"https:\/\/zskarlino.pl\/wp-content\/uploads\/2021\/04\/Zakladka-Alicji-341x1024.png 341w, https:\/\/zskarlino.pl\/wp-content\/uploads\/2021\/04\/Zakladka-Alicji-100x300.png 100w, https:\/\/zskarlino.pl\/wp-content\/uploads\/2021\/04\/Zakladka-Alicji-768x2304.png 768w, https:\/\/zskarlino.pl\/wp-content\/uploads\/2021\/04\/Zakladka-Alicji-512x1536.png 512w, https:\/\/zskarlino.pl\/wp-content\/uploads\/2021\/04\/Zakladka-Alicji-683x2048.png 683w, https:\/\/zskarlino.pl\/wp-content\/uploads\/2021\/04\/Zakladka-Alicji-750x2250.png 750w, https:\/\/zskarlino.pl\/wp-content\/uploads\/2021\/04\/Zakladka-Alicji.png 1181w\" sizes=\"auto, (max-width: 101px) 100vw, 101px\" \/><figcaption>II TGa<br>Alicja<br>Klimaszewska<\/figcaption><\/figure><\/div>\n\n\n\n<div class=\"wp-block-image\"><figure class=\"alignleft size-large is-resized\"><img loading=\"lazy\" decoding=\"async\" src=\"http:\/\/zskarlino.pl\/wp-content\/uploads\/2021\/04\/Zakladka-Darii-341x1024.jpg\" alt=\"\" class=\"wp-image-18241\" width=\"102\" height=\"302\"\/><figcaption>II TGa<br>Daria<br>Kozyra<\/figcaption><\/figure><\/div>\n\n\n\n<div class=\"wp-block-image\"><figure class=\"alignleft size-large is-resized\"><img loading=\"lazy\" decoding=\"async\" src=\"http:\/\/zskarlino.pl\/wp-content\/uploads\/2021\/04\/Zakladka-Mateusza-341x1024.png\" alt=\"\" class=\"wp-image-18242\" width=\"100\" height=\"303\"\/><figcaption>II TGa<br>Mateusz<br>Kozyra<\/figcaption><\/figure><\/div>\n\n\n\n<div class=\"wp-block-image\"><figure class=\"alignleft size-large is-resized\"><img loading=\"lazy\" decoding=\"async\" src=\"http:\/\/zskarlino.pl\/wp-content\/uploads\/2021\/04\/zakladka5-342x1024.jpg\" alt=\"\" class=\"wp-image-18244\" width=\"101\" height=\"302\" srcset=\"https:\/\/zskarlino.pl\/wp-content\/uploads\/2021\/04\/zakladka5-342x1024.jpg 342w, https:\/\/zskarlino.pl\/wp-content\/uploads\/2021\/04\/zakladka5-100x300.jpg 100w, https:\/\/zskarlino.pl\/wp-content\/uploads\/2021\/04\/zakladka5-512x1536.jpg 512w, https:\/\/zskarlino.pl\/wp-content\/uploads\/2021\/04\/zakladka5.jpg 667w\" sizes=\"auto, (max-width: 101px) 100vw, 101px\" \/><figcaption>II TGa Pola Marcinkowska<\/figcaption><\/figure><\/div>\n\n\n\n<p><\/p>\n\n\n\n<p><\/p>\n<\/div><\/div>\n\n\n\n<div class=\"wp-block-file alignleft\"><a href=\"http:\/\/zskarlino.pl\/wp-content\/uploads\/2021\/04\/nikodem-zakladka2.pdf\"><br><br><br><br><br>Zak\u0142adka ucznia klasy I TG Nikodema Szwedo<\/a><a href=\"http:\/\/zskarlino.pl\/wp-content\/uploads\/2021\/04\/nikodem-zakladka2.pdf\" class=\"wp-block-file__button\" download>Pobierz<\/a><\/div>\n\n\n\n<div class=\"wp-block-file alignleft\"><a href=\"http:\/\/zskarlino.pl\/wp-content\/uploads\/2021\/04\/Projekt-zakladki-Perebyinis-Oleksii-PDF.pdf\">Zak\u0142adka ucznia klasy I TG Oleksii Perebyinis<\/a><a href=\"http:\/\/zskarlino.pl\/wp-content\/uploads\/2021\/04\/Projekt-zakladki-Perebyinis-Oleksii-PDF.pdf\" class=\"wp-block-file__button\" download>Pobierz<\/a><\/div>\n\n\n\n<div class=\"wp-block-file alignleft\"><a href=\"http:\/\/zskarlino.pl\/wp-content\/uploads\/2021\/04\/ZAKLADKAMATCZAK.pdf\">Zak\u0142adka uczennicy klasy I TG Roksany Matczak<\/a><a href=\"http:\/\/zskarlino.pl\/wp-content\/uploads\/2021\/04\/ZAKLADKAMATCZAK.pdf\" class=\"wp-block-file__button\" download>Pobierz<\/a><\/div>\n\n\n\n<div class=\"wp-block-file alignleft\"><a href=\"http:\/\/zskarlino.pl\/wp-content\/uploads\/2021\/04\/Zakladka.1.pdf\">Zak\u0142adka ucznia klasy I TG Huberta Studzi\u0144skiego<\/a><a href=\"http:\/\/zskarlino.pl\/wp-content\/uploads\/2021\/04\/Zakladka.1.pdf\" class=\"wp-block-file__button\" download>Pobierz<\/a><\/div>\n","protected":false},"excerpt":{"rendered":"<p>Dzi\u015b \u015awiatowy Dzie\u0144 Ksi\u0105\u017cki i Praw Autorskich \u2013 to doroczne \u015bwi\u0119to organizowane przez UNESCO w celu promocji czytelnictwa i ochrony w\u0142asno\u015bci intelektualnej.&nbsp;Z tej okazji nasi uczniowie klas Technikum o kierunku technik grafiki i poligrafii cyfrowej, zainicjowali swoisty rodzaj \u201ebookmark-crossingu\u201d. Przygotowali bowiem autorskie projekty zak\u0142adek do ksi\u0105\u017cek, tych du\u017cych i ma\u0142ych. Pobierz, wydrukuj, podaruj komu\u015b lub &hellip; <\/p>\n<p><a class=\"more-link btn\" href=\"https:\/\/zskarlino.pl\/?p=18189\">Czytaj dalej<\/a><\/p>\n","protected":false},"author":3,"featured_media":0,"comment_status":"closed","ping_status":"closed","sticky":false,"template":"","format":"standard","meta":{"footnotes":""},"categories":[3],"tags":[],"class_list":["post-18189","post","type-post","status-publish","format-standard","hentry","category-wydarzenia","item-wrap"],"_links":{"self":[{"href":"https:\/\/zskarlino.pl\/index.php?rest_route=\/wp\/v2\/posts\/18189","targetHints":{"allow":["GET"]}}],"collection":[{"href":"https:\/\/zskarlino.pl\/index.php?rest_route=\/wp\/v2\/posts"}],"about":[{"href":"https:\/\/zskarlino.pl\/index.php?rest_route=\/wp\/v2\/types\/post"}],"author":[{"embeddable":true,"href":"https:\/\/zskarlino.pl\/index.php?rest_route=\/wp\/v2\/users\/3"}],"replies":[{"embeddable":true,"href":"https:\/\/zskarlino.pl\/index.php?rest_route=%2Fwp%2Fv2%2Fcomments&post=18189"}],"version-history":[{"count":34,"href":"https:\/\/zskarlino.pl\/index.php?rest_route=\/wp\/v2\/posts\/18189\/revisions"}],"predecessor-version":[{"id":18251,"href":"https:\/\/zskarlino.pl\/index.php?rest_route=\/wp\/v2\/posts\/18189\/revisions\/18251"}],"wp:attachment":[{"href":"https:\/\/zskarlino.pl\/index.php?rest_route=%2Fwp%2Fv2%2Fmedia&parent=18189"}],"wp:term":[{"taxonomy":"category","embeddable":true,"href":"https:\/\/zskarlino.pl\/index.php?rest_route=%2Fwp%2Fv2%2Fcategories&post=18189"},{"taxonomy":"post_tag","embeddable":true,"href":"https:\/\/zskarlino.pl\/index.php?rest_route=%2Fwp%2Fv2%2Ftags&post=18189"}],"curies":[{"name":"wp","href":"https:\/\/api.w.org\/{rel}","templated":true}]}}