{"id":18182,"date":"2021-04-22T08:28:40","date_gmt":"2021-04-22T06:28:40","guid":{"rendered":"http:\/\/zskarlino.pl\/?p=18182"},"modified":"2021-04-22T08:32:00","modified_gmt":"2021-04-22T06:32:00","slug":"miedzynarodowy-dzien-ziemi","status":"publish","type":"post","link":"https:\/\/zskarlino.pl\/?p=18182","title":{"rendered":"Mi\u0119dzynarodowy Dzie\u0144 Ziemi"},"content":{"rendered":"\n<p class=\"has-text-align-center\"><strong><span style=\"color:#164052\" class=\"has-inline-color\">Dzi\u015b Mi\u0119dzynarodowy Dzie\u0144 Ziemi<\/span><\/strong> <img decoding=\"async\" alt=\"\ud83c\udf0f\" src=\"https:\/\/static.xx.fbcdn.net\/images\/emoji.php\/v9\/t9a\/1.5\/16\/1f30f.png\" style=\"width: 20px;\"> <\/p>\n\n\n\n<p class=\"has-text-align-center\">Mamy moc by zmienia\u0107 \u015bwiat i nie trzeba do tego wcale wielkich rzeczy. Uczniowie Zespo\u0142u Szk\u00f3\u0142 w Karlinie wiedz\u0105 o tym doskonale. Zobacz jak w prosty spos\u00f3b mo\u017cna dba\u0107 o nasz\u0105 planet\u0119.<\/p>\n\n\n\n<figure class=\"wp-block-embed-youtube wp-block-embed is-type-video is-provider-youtube wp-embed-aspect-16-9 wp-has-aspect-ratio\"><div class=\"wp-block-embed__wrapper\">\n<iframe loading=\"lazy\" title=\"Mi\u0119dzynarodowy Dzie\u0144 Ziemi.\" width=\"750\" height=\"422\" src=\"https:\/\/www.youtube.com\/embed\/qt6DiTWhXR0?feature=oembed\" frameborder=\"0\" allow=\"accelerometer; autoplay; clipboard-write; encrypted-media; gyroscope; picture-in-picture\" allowfullscreen><\/iframe>\n<\/div><figcaption>Film nagrany przez ucznia Technikum w Karlinie o kierunku technik grafiki i poligrafii cyfrowej &#8211; Ivana Makhynenko<\/figcaption><\/figure>\n\n\n\n<p><\/p>\n","protected":false},"excerpt":{"rendered":"<p>Dzi\u015b Mi\u0119dzynarodowy Dzie\u0144 Ziemi Mamy moc by zmienia\u0107 \u015bwiat i nie trzeba do tego wcale wielkich rzeczy. Uczniowie Zespo\u0142u Szk\u00f3\u0142 w Karlinie wiedz\u0105 o tym doskonale. Zobacz jak w prosty spos\u00f3b mo\u017cna dba\u0107 o nasz\u0105 planet\u0119.<\/p>\n","protected":false},"author":3,"featured_media":0,"comment_status":"closed","ping_status":"closed","sticky":false,"template":"","format":"standard","meta":{"footnotes":""},"categories":[3],"tags":[],"class_list":["post-18182","post","type-post","status-publish","format-standard","hentry","category-wydarzenia","item-wrap"],"_links":{"self":[{"href":"https:\/\/zskarlino.pl\/index.php?rest_route=\/wp\/v2\/posts\/18182","targetHints":{"allow":["GET"]}}],"collection":[{"href":"https:\/\/zskarlino.pl\/index.php?rest_route=\/wp\/v2\/posts"}],"about":[{"href":"https:\/\/zskarlino.pl\/index.php?rest_route=\/wp\/v2\/types\/post"}],"author":[{"embeddable":true,"href":"https:\/\/zskarlino.pl\/index.php?rest_route=\/wp\/v2\/users\/3"}],"replies":[{"embeddable":true,"href":"https:\/\/zskarlino.pl\/index.php?rest_route=%2Fwp%2Fv2%2Fcomments&post=18182"}],"version-history":[{"count":5,"href":"https:\/\/zskarlino.pl\/index.php?rest_route=\/wp\/v2\/posts\/18182\/revisions"}],"predecessor-version":[{"id":18187,"href":"https:\/\/zskarlino.pl\/index.php?rest_route=\/wp\/v2\/posts\/18182\/revisions\/18187"}],"wp:attachment":[{"href":"https:\/\/zskarlino.pl\/index.php?rest_route=%2Fwp%2Fv2%2Fmedia&parent=18182"}],"wp:term":[{"taxonomy":"category","embeddable":true,"href":"https:\/\/zskarlino.pl\/index.php?rest_route=%2Fwp%2Fv2%2Fcategories&post=18182"},{"taxonomy":"post_tag","embeddable":true,"href":"https:\/\/zskarlino.pl\/index.php?rest_route=%2Fwp%2Fv2%2Ftags&post=18182"}],"curies":[{"name":"wp","href":"https:\/\/api.w.org\/{rel}","templated":true}]}}