{"id":18171,"date":"2021-04-20T08:56:13","date_gmt":"2021-04-20T06:56:13","guid":{"rendered":"http:\/\/zskarlino.pl\/?p=18171"},"modified":"2021-04-30T18:40:14","modified_gmt":"2021-04-30T16:40:14","slug":"dzien-przedsiebiorczosci-2","status":"publish","type":"post","link":"https:\/\/zskarlino.pl\/?p=18171","title":{"rendered":"Dzie\u0144 Przedsi\u0119biorczo\u015bci"},"content":{"rendered":"\n<p class=\"has-text-align-center\"><strong><span style=\"color:#0d4056\" class=\"has-inline-color\">W zwi\u0105zku z Dniem Przedsi\u0119biorczo\u015bci Uczniowie naszej szko\u0142y uczestniczyli w projekcie edukacyjnym \u2013 Bankowcy dla Edukacji Finansowej M\u0142odzie\u017cy \u2013 BAKCYL.<\/span><\/strong><\/p>\n\n\n\n<p class=\"has-text-align-center\"><strong>Temat zaj\u0119\u0107: Moje finanse \u2013 my\u015bl\u0119 przedsi\u0119biorczo. <\/strong><br><strong>Zaj\u0119cia odby\u0142y si\u0119 &nbsp;online na platformie webinarowej.<\/strong><\/p>\n\n\n\n<p>Przedsi\u0119biorczo\u015b\u0107 to nie tylko przedmiot w tygodniowym planie zaj\u0119\u0107, ale przede wszystkim wa\u017cna umiej\u0119tno\u015b\u0107 niezb\u0119dna w \u017cyciu codziennym. <br>Z uwagi na warunki pandemiczne dzia\u0142ania promuj\u0105ce przedsi\u0119biorstwa zosta\u0142y w tym roku mocno zaw\u0119\u017cone. Nie odby\u0142y si\u0119 wycieczki do firm; uczniowie nie mieli sposobno\u015bci zapozna\u0107 si\u0119 ze struktur\u0105 organizacyjn\u0105 i zasadami funkcjonowania przedsi\u0119biorstw, nie mieli mo\u017cliwo\u015bci zweryfikowania posiadanej wiedzy dotycz\u0105cej reali\u00f3w na rynku pracy.<\/p>\n\n\n\n<p>Pomimo tego Uczniowie klasy 2TGa zadbali, aby Dzie\u0144 Przedsi\u0119biorczo\u015bci zosta\u0142 wyr\u00f3\u017cniony i zapami\u0119tany.&nbsp; M\u0142odzie\u017c przygotowa\u0142a na t\u0119 okazj\u0119 prezentacj\u0119 multimedialn\u0105, quizy i krzy\u017c\u00f3wki interaktywne. Wszyscy mieli mo\u017cliwo\u015b\u0107 sprawdzenia swojej wiedzy.<\/p>\n\n\n\n<p>Druga cz\u0119\u015b\u0107 Dnia Przedsi\u0119biorczo\u015bci to udzia\u0142 Uczni\u00f3w w zaj\u0119ciach realizowanych w ramach projektu edukacyjnego Bankowcy dla Edukacji Finansowej M\u0142odzie\u017cy \u2013 BAKCYL. Temat zaj\u0119\u0107 brzmia\u0142: \u201eMoje finanse \u2013 my\u015bl\u0119 przedsi\u0119biorczo\u201d<strong>. <\/strong><strong><\/strong><\/p>\n\n\n\n<p><strong>Podczas lekcji podejmowano pr\u00f3b\u0119 odpowiedzi na pytania: <\/strong>ile kosztuje \u017cycie, czy warto oszcz\u0119dza\u0107, czy oszcz\u0119dzanie powinno by\u0107 sta\u0142ym elementem bud\u017cetu, kiedy warto po\u017cycza\u0107 pieni\u0105dze, jak dokonywa\u0107 wyboru kredytu\/po\u017cyczki, itd.<\/p>\n\n\n\n<p>Lekcja pog\u0142\u0119bi\u0142a u Uczni\u00f3w \u015bwiadomo\u015b\u0107, \u017ce stan&nbsp; finans\u00f3w jest zale\u017cny od indywidualnej postawy i zaanga\u017cowania. Przybli\u017cy\u0142a &nbsp;postaw\u0119 przedsi\u0119biorcz\u0105 w zarz\u0105dzaniu w\u0142asnymi finansami. M\u0142odzie\u017c potrafi szacowa\u0107 wysoko\u015b\u0107 koszt\u00f3w \u017cycia, identyfikowa\u0107 wydatki konieczne (sta\u0142e, zmienne) i opcjonalne, uzasadnia\u0107 budowanie bud\u017cetu z uwzgl\u0119dnieniem oszcz\u0119dno\u015bci, szacowa\u0107 na ile korzystny jest kredyt\/po\u017cyczka, \u015bwiadomie podchodzi\u0107 do konieczno\u015bci sp\u0142aty zobowi\u0105za\u0144 finansowych.<\/p>\n\n\n\n<p><strong><em>Na wyr\u00f3\u017cnienie za organizacj\u0119 i aktywno\u015b\u0107 w przygotowaniu tegorocznego, symbolicznego Dnia Przedsi\u0119biorczo\u015bci zas\u0142uguj\u0105: Martyna Bagi\u0144ska, Daria Kozyra, Mateusz Kozyra, Paulina Marcinkowska, Pola Marcinkowska, Przemys\u0142aw Myk, Zuzanna Ostrowska, Robert Szostak.<\/em><\/strong><\/p>\n\n\n\n<figure class=\"wp-block-video\"><video height=\"1080\" style=\"aspect-ratio: 1920 \/ 1080;\" width=\"1920\" controls src=\"http:\/\/zskarlino.pl\/wp-content\/uploads\/2021\/04\/Dzien-Przedsiebiorczosci-Prezentacja-1.mp4\"><\/video><figcaption>Prezentacja uczni\u00f3w  klasy 2 TGa<\/figcaption><\/figure>\n\n\n\n<figure class=\"wp-block-gallery columns-3 is-cropped wp-block-gallery-1 is-layout-flex wp-block-gallery-is-layout-flex\"><ul class=\"blocks-gallery-grid\"><li class=\"blocks-gallery-item\"><figure><img loading=\"lazy\" decoding=\"async\" width=\"724\" height=\"1024\" src=\"http:\/\/zskarlino.pl\/wp-content\/uploads\/2021\/04\/Daria-Kozyra-1-1-724x1024.png\" alt=\"\" data-id=\"18268\" data-full-url=\"http:\/\/zskarlino.pl\/wp-content\/uploads\/2021\/04\/Daria-Kozyra-1-1.png\" data-link=\"http:\/\/zskarlino.pl\/?attachment_id=18268\" class=\"wp-image-18268\" srcset=\"https:\/\/zskarlino.pl\/wp-content\/uploads\/2021\/04\/Daria-Kozyra-1-1-724x1024.png 724w, https:\/\/zskarlino.pl\/wp-content\/uploads\/2021\/04\/Daria-Kozyra-1-1-212x300.png 212w, https:\/\/zskarlino.pl\/wp-content\/uploads\/2021\/04\/Daria-Kozyra-1-1-768x1086.png 768w, https:\/\/zskarlino.pl\/wp-content\/uploads\/2021\/04\/Daria-Kozyra-1-1-1086x1536.png 1086w, https:\/\/zskarlino.pl\/wp-content\/uploads\/2021\/04\/Daria-Kozyra-1-1-1448x2048.png 1448w, https:\/\/zskarlino.pl\/wp-content\/uploads\/2021\/04\/Daria-Kozyra-1-1-750x1061.png 750w, https:\/\/zskarlino.pl\/wp-content\/uploads\/2021\/04\/Daria-Kozyra-1-1.png 1587w\" sizes=\"auto, (max-width: 724px) 100vw, 724px\" \/><\/figure><\/li><li class=\"blocks-gallery-item\"><figure><img loading=\"lazy\" decoding=\"async\" width=\"765\" height=\"1024\" src=\"http:\/\/zskarlino.pl\/wp-content\/uploads\/2021\/04\/Mateusz-Kozyra-765x1024.jpg\" alt=\"\" data-id=\"18265\" data-link=\"http:\/\/zskarlino.pl\/?attachment_id=18265\" class=\"wp-image-18265\" srcset=\"https:\/\/zskarlino.pl\/wp-content\/uploads\/2021\/04\/Mateusz-Kozyra-765x1024.jpg 765w, https:\/\/zskarlino.pl\/wp-content\/uploads\/2021\/04\/Mateusz-Kozyra-224x300.jpg 224w, https:\/\/zskarlino.pl\/wp-content\/uploads\/2021\/04\/Mateusz-Kozyra-768x1028.jpg 768w, https:\/\/zskarlino.pl\/wp-content\/uploads\/2021\/04\/Mateusz-Kozyra-1148x1536.jpg 1148w, https:\/\/zskarlino.pl\/wp-content\/uploads\/2021\/04\/Mateusz-Kozyra-1531x2048.jpg 1531w, https:\/\/zskarlino.pl\/wp-content\/uploads\/2021\/04\/Mateusz-Kozyra-750x1003.jpg 750w, https:\/\/zskarlino.pl\/wp-content\/uploads\/2021\/04\/Mateusz-Kozyra.jpg 1586w\" sizes=\"auto, (max-width: 765px) 100vw, 765px\" \/><\/figure><\/li><li class=\"blocks-gallery-item\"><figure><img loading=\"lazy\" decoding=\"async\" width=\"724\" height=\"1024\" src=\"http:\/\/zskarlino.pl\/wp-content\/uploads\/2021\/04\/Pola-Marcinkowska-724x1024.png\" alt=\"\" data-id=\"18266\" data-link=\"http:\/\/zskarlino.pl\/?attachment_id=18266\" class=\"wp-image-18266\" srcset=\"https:\/\/zskarlino.pl\/wp-content\/uploads\/2021\/04\/Pola-Marcinkowska-724x1024.png 724w, https:\/\/zskarlino.pl\/wp-content\/uploads\/2021\/04\/Pola-Marcinkowska-212x300.png 212w, https:\/\/zskarlino.pl\/wp-content\/uploads\/2021\/04\/Pola-Marcinkowska-768x1086.png 768w, https:\/\/zskarlino.pl\/wp-content\/uploads\/2021\/04\/Pola-Marcinkowska-1086x1536.png 1086w, https:\/\/zskarlino.pl\/wp-content\/uploads\/2021\/04\/Pola-Marcinkowska-750x1060.png 750w, https:\/\/zskarlino.pl\/wp-content\/uploads\/2021\/04\/Pola-Marcinkowska.png 1414w\" sizes=\"auto, (max-width: 724px) 100vw, 724px\" \/><\/figure><\/li><li class=\"blocks-gallery-item\"><figure><img loading=\"lazy\" decoding=\"async\" width=\"724\" height=\"1024\" src=\"http:\/\/zskarlino.pl\/wp-content\/uploads\/2021\/04\/Artur-Kura-724x1024.jpg\" alt=\"\" data-id=\"18263\" data-link=\"http:\/\/zskarlino.pl\/?attachment_id=18263\" class=\"wp-image-18263\" srcset=\"https:\/\/zskarlino.pl\/wp-content\/uploads\/2021\/04\/Artur-Kura-724x1024.jpg 724w, https:\/\/zskarlino.pl\/wp-content\/uploads\/2021\/04\/Artur-Kura-212x300.jpg 212w, https:\/\/zskarlino.pl\/wp-content\/uploads\/2021\/04\/Artur-Kura-768x1086.jpg 768w, https:\/\/zskarlino.pl\/wp-content\/uploads\/2021\/04\/Artur-Kura-1086x1536.jpg 1086w, https:\/\/zskarlino.pl\/wp-content\/uploads\/2021\/04\/Artur-Kura-1448x2048.jpg 1448w, https:\/\/zskarlino.pl\/wp-content\/uploads\/2021\/04\/Artur-Kura-750x1060.jpg 750w, https:\/\/zskarlino.pl\/wp-content\/uploads\/2021\/04\/Artur-Kura-scaled.jpg 1811w\" sizes=\"auto, (max-width: 724px) 100vw, 724px\" \/><\/figure><\/li><li class=\"blocks-gallery-item\"><figure><img loading=\"lazy\" decoding=\"async\" width=\"724\" height=\"1024\" src=\"http:\/\/zskarlino.pl\/wp-content\/uploads\/2021\/04\/Alicja-Klimaszewska-724x1024.jpg\" alt=\"\" data-id=\"18262\" data-link=\"http:\/\/zskarlino.pl\/?attachment_id=18262\" class=\"wp-image-18262\" srcset=\"https:\/\/zskarlino.pl\/wp-content\/uploads\/2021\/04\/Alicja-Klimaszewska-724x1024.jpg 724w, https:\/\/zskarlino.pl\/wp-content\/uploads\/2021\/04\/Alicja-Klimaszewska-212x300.jpg 212w, https:\/\/zskarlino.pl\/wp-content\/uploads\/2021\/04\/Alicja-Klimaszewska-768x1086.jpg 768w, https:\/\/zskarlino.pl\/wp-content\/uploads\/2021\/04\/Alicja-Klimaszewska-1086x1536.jpg 1086w, https:\/\/zskarlino.pl\/wp-content\/uploads\/2021\/04\/Alicja-Klimaszewska-1448x2048.jpg 1448w, https:\/\/zskarlino.pl\/wp-content\/uploads\/2021\/04\/Alicja-Klimaszewska-750x1061.jpg 750w, https:\/\/zskarlino.pl\/wp-content\/uploads\/2021\/04\/Alicja-Klimaszewska.jpg 1587w\" sizes=\"auto, (max-width: 724px) 100vw, 724px\" \/><\/figure><\/li><\/ul><figcaption class=\"blocks-gallery-caption\">Prace uczni\u00f3w Technikum o kierunku technik grafiki i poligrafii cyfrowej &#8211; klasa II  TGa <br>Daria Kozyra, Mateusz Kozyra, Pola Marcinkowska, Artur Kura, Alicja Klimaszewska<\/figcaption><\/figure>\n\n\n\n<p><\/p>\n\n\n\n<p class=\"has-text-align-right\">Katarzyna S\u0119d\u0142ak<\/p>\n","protected":false},"excerpt":{"rendered":"<p>W zwi\u0105zku z Dniem Przedsi\u0119biorczo\u015bci Uczniowie naszej szko\u0142y uczestniczyli w projekcie edukacyjnym \u2013 Bankowcy dla Edukacji Finansowej M\u0142odzie\u017cy \u2013 BAKCYL. Temat zaj\u0119\u0107: Moje finanse \u2013 my\u015bl\u0119 przedsi\u0119biorczo. Zaj\u0119cia odby\u0142y si\u0119 &nbsp;online na platformie webinarowej. Przedsi\u0119biorczo\u015b\u0107 to nie tylko przedmiot w tygodniowym planie zaj\u0119\u0107, ale przede wszystkim wa\u017cna umiej\u0119tno\u015b\u0107 niezb\u0119dna w \u017cyciu codziennym. Z uwagi na &hellip; <\/p>\n<p><a class=\"more-link btn\" href=\"https:\/\/zskarlino.pl\/?p=18171\">Czytaj dalej<\/a><\/p>\n","protected":false},"author":3,"featured_media":0,"comment_status":"closed","ping_status":"closed","sticky":false,"template":"","format":"standard","meta":{"footnotes":""},"categories":[3],"tags":[],"class_list":["post-18171","post","type-post","status-publish","format-standard","hentry","category-wydarzenia","item-wrap"],"_links":{"self":[{"href":"https:\/\/zskarlino.pl\/index.php?rest_route=\/wp\/v2\/posts\/18171","targetHints":{"allow":["GET"]}}],"collection":[{"href":"https:\/\/zskarlino.pl\/index.php?rest_route=\/wp\/v2\/posts"}],"about":[{"href":"https:\/\/zskarlino.pl\/index.php?rest_route=\/wp\/v2\/types\/post"}],"author":[{"embeddable":true,"href":"https:\/\/zskarlino.pl\/index.php?rest_route=\/wp\/v2\/users\/3"}],"replies":[{"embeddable":true,"href":"https:\/\/zskarlino.pl\/index.php?rest_route=%2Fwp%2Fv2%2Fcomments&post=18171"}],"version-history":[{"count":8,"href":"https:\/\/zskarlino.pl\/index.php?rest_route=\/wp\/v2\/posts\/18171\/revisions"}],"predecessor-version":[{"id":18271,"href":"https:\/\/zskarlino.pl\/index.php?rest_route=\/wp\/v2\/posts\/18171\/revisions\/18271"}],"wp:attachment":[{"href":"https:\/\/zskarlino.pl\/index.php?rest_route=%2Fwp%2Fv2%2Fmedia&parent=18171"}],"wp:term":[{"taxonomy":"category","embeddable":true,"href":"https:\/\/zskarlino.pl\/index.php?rest_route=%2Fwp%2Fv2%2Fcategories&post=18171"},{"taxonomy":"post_tag","embeddable":true,"href":"https:\/\/zskarlino.pl\/index.php?rest_route=%2Fwp%2Fv2%2Ftags&post=18171"}],"curies":[{"name":"wp","href":"https:\/\/api.w.org\/{rel}","templated":true}]}}