{"id":18163,"date":"2021-04-16T12:27:23","date_gmt":"2021-04-16T10:27:23","guid":{"rendered":"http:\/\/zskarlino.pl\/?p=18163"},"modified":"2021-04-18T20:27:43","modified_gmt":"2021-04-18T18:27:43","slug":"informacja-dyrektora-szkoly-na-temat-funkcjonowania-zespolu-szkol-od-poniedzialku-19-kwietnia-2021-roku","status":"publish","type":"post","link":"https:\/\/zskarlino.pl\/?p=18163","title":{"rendered":"Informacja Dyrektora Szko\u0142y na temat funkcjonowania Zespo\u0142u Szk\u00f3\u0142 od poniedzia\u0142ku 19 kwietnia 2021 roku."},"content":{"rendered":"\n<p>Od poniedzia\u0142ku 19 kwietnia zmieniaj\u0105 si\u0119 zasady funkcjonowania\u00a0niekt\u00f3rych oddzia\u0142\u00f3w Zespo\u0142u Szk\u00f3\u0142 w Karlinie.\u00a0Zmiana w przepisach prawnych umo\u017cliwia uczniom przygotowuj\u0105cym si\u0119 do egzamin\u00f3w potwierdzaj\u0105cych klasyfikacje w zawodzie\u00a0powr\u00f3t na zaj\u0119cia\u00a0kszta\u0142cenia\u00a0praktycznego\u00a0w szkole i u pracodawc\u00f3w.\u00a0<br>Uczniowie klasy III TM wracaj\u0105 na zaj\u0119cia\u00a0praktyczne\u00a0wed\u0142ug\u00a0wcze\u015bniejszej organizacji pracy, czyli we wtorki\u00a0przyje\u017cd\u017caj\u0105 do szko\u0142y, natomiast w\u00a0\u015brody\u00a0maj\u0105 zaj\u0119cia w obiektach\u00a0Wydzia\u0142u\u00a0Mechanicznego Politechniki Koszali\u0144skiej.\u00a0<br>Uczniowie III BSI wracaj\u0105 na zaj\u0119cia praktyczne do swoich pracodawc\u00f3w &#8211; decyzj\u0119 w zakresie\u00a0organizacji praktycznej nauki zawodu\u00a0pozostawiam\u00a0pracodawcom i zobowi\u0105zuj\u0119 uczni\u00f3w do ustalenia\u00a0tego\u00a0ze swoimi pracodawcami.\u00a0Sp\u00f3\u0142ka Homanit przekaza\u0142a informacj\u0119, \u017ce jej uczniowie-m\u0142odociani pracownicy, zwolnieni s\u0105 ze \u015bwiadczenia pracy do odwo\u0142ania. <br>Pozostali uczniowie technikum i BSI realizuj\u0105 zaj\u0119cia za pomoc\u0105 technik i metod kszta\u0142cenia na odleg\u0142o\u015b\u0107, czyli ucz\u0105 si\u0119 zdalnie.\u00a0<\/p>\n\n\n\n<p>Niestety funkcjonowanie Internatu nadal jest ograniczone, z uwagi na wyst\u0119puj\u0105ce przypadki zagra\u017caj\u0105ce zdrowiu uczni\u00f3w i wychowawc\u00f3w.\u00a0<\/p>\n\n\n\n<p>Prosz\u0119 \u015bledzi\u0107 informacje\u00a0na naszej stronie internetowej.\u00a0<\/p>\n\n\n\n<p class=\"has-text-align-right\">Justyna Syga<\/p>\n\n\n\n<figure class=\"wp-block-image size-large\"><img loading=\"lazy\" decoding=\"async\" width=\"729\" height=\"308\" src=\"http:\/\/zskarlino.pl\/wp-content\/uploads\/2021\/04\/men_grafika-19kwietnia.jpg\" alt=\"\" class=\"wp-image-18164\" srcset=\"https:\/\/zskarlino.pl\/wp-content\/uploads\/2021\/04\/men_grafika-19kwietnia.jpg 729w, https:\/\/zskarlino.pl\/wp-content\/uploads\/2021\/04\/men_grafika-19kwietnia-300x127.jpg 300w\" sizes=\"auto, (max-width: 729px) 100vw, 729px\" \/><\/figure>\n\n\n\n<p>Podstawa prawna:&nbsp;<a href=\"https:\/\/dziennikustaw.gov.pl\/DU\/2021\/701\" target=\"_blank\" rel=\"noreferrer noopener\">Rozporz\u0105dzenie Ministra Edukacji i Nauki z dnia 15 kwietnia 2021 r. zmieniaj\u0105ce rozporz\u0105dzenie w sprawie czasowego ograniczenia funkcjonowania jednostek systemu o\u015bwiaty w zwi\u0105zku z zapobieganiem, przeciwdzia\u0142aniem i zwalczaniem COVID-19.<\/a>&nbsp;<\/p>\n","protected":false},"excerpt":{"rendered":"<p>Od poniedzia\u0142ku 19 kwietnia zmieniaj\u0105 si\u0119 zasady funkcjonowania\u00a0niekt\u00f3rych oddzia\u0142\u00f3w Zespo\u0142u Szk\u00f3\u0142 w Karlinie.\u00a0Zmiana w przepisach prawnych umo\u017cliwia uczniom przygotowuj\u0105cym si\u0119 do egzamin\u00f3w potwierdzaj\u0105cych klasyfikacje w zawodzie\u00a0powr\u00f3t na zaj\u0119cia\u00a0kszta\u0142cenia\u00a0praktycznego\u00a0w szkole i u pracodawc\u00f3w.\u00a0Uczniowie klasy III TM wracaj\u0105 na zaj\u0119cia\u00a0praktyczne\u00a0wed\u0142ug\u00a0wcze\u015bniejszej organizacji pracy, czyli we wtorki\u00a0przyje\u017cd\u017caj\u0105 do szko\u0142y, natomiast w\u00a0\u015brody\u00a0maj\u0105 zaj\u0119cia w obiektach\u00a0Wydzia\u0142u\u00a0Mechanicznego Politechniki Koszali\u0144skiej.\u00a0Uczniowie III BSI wracaj\u0105 &hellip; <\/p>\n<p><a class=\"more-link btn\" href=\"https:\/\/zskarlino.pl\/?p=18163\">Czytaj dalej<\/a><\/p>\n","protected":false},"author":8,"featured_media":18164,"comment_status":"closed","ping_status":"closed","sticky":false,"template":"","format":"standard","meta":{"footnotes":""},"categories":[3],"tags":[],"class_list":["post-18163","post","type-post","status-publish","format-standard","has-post-thumbnail","hentry","category-wydarzenia","item-wrap"],"_links":{"self":[{"href":"https:\/\/zskarlino.pl\/index.php?rest_route=\/wp\/v2\/posts\/18163","targetHints":{"allow":["GET"]}}],"collection":[{"href":"https:\/\/zskarlino.pl\/index.php?rest_route=\/wp\/v2\/posts"}],"about":[{"href":"https:\/\/zskarlino.pl\/index.php?rest_route=\/wp\/v2\/types\/post"}],"author":[{"embeddable":true,"href":"https:\/\/zskarlino.pl\/index.php?rest_route=\/wp\/v2\/users\/8"}],"replies":[{"embeddable":true,"href":"https:\/\/zskarlino.pl\/index.php?rest_route=%2Fwp%2Fv2%2Fcomments&post=18163"}],"version-history":[{"count":4,"href":"https:\/\/zskarlino.pl\/index.php?rest_route=\/wp\/v2\/posts\/18163\/revisions"}],"predecessor-version":[{"id":18169,"href":"https:\/\/zskarlino.pl\/index.php?rest_route=\/wp\/v2\/posts\/18163\/revisions\/18169"}],"wp:featuredmedia":[{"embeddable":true,"href":"https:\/\/zskarlino.pl\/index.php?rest_route=\/wp\/v2\/media\/18164"}],"wp:attachment":[{"href":"https:\/\/zskarlino.pl\/index.php?rest_route=%2Fwp%2Fv2%2Fmedia&parent=18163"}],"wp:term":[{"taxonomy":"category","embeddable":true,"href":"https:\/\/zskarlino.pl\/index.php?rest_route=%2Fwp%2Fv2%2Fcategories&post=18163"},{"taxonomy":"post_tag","embeddable":true,"href":"https:\/\/zskarlino.pl\/index.php?rest_route=%2Fwp%2Fv2%2Ftags&post=18163"}],"curies":[{"name":"wp","href":"https:\/\/api.w.org\/{rel}","templated":true}]}}