{"id":18148,"date":"2021-04-09T15:10:01","date_gmt":"2021-04-09T13:10:01","guid":{"rendered":"http:\/\/zskarlino.pl\/?p=18148"},"modified":"2021-04-09T21:11:09","modified_gmt":"2021-04-09T19:11:09","slug":"informacja-dyrektora-szkoly-na-temat-funkcjonowania-szkoly-do-18-kwietnia-2021r","status":"publish","type":"post","link":"https:\/\/zskarlino.pl\/?p=18148","title":{"rendered":"Informacja Dyrektora Szko\u0142y na temat funkcjonowania szko\u0142y do 18 kwietnia 2021r."},"content":{"rendered":"\n<p>Zgodnie z nowelizacj\u0105 Rozporz\u0105dzenia Ministerstwa Edukacji i Nauki w sprawie czasowego ograniczenia funkcjonowania jednostek systemu o\u015bwiaty w zwi\u0105zku z zapobieganiem, przeciwdzia\u0142aniem i zwalczaniem COVID-19, utrzymane zostaj\u0105 dotychczasowe zasady funkcjonowania naszej szko\u0142y. Taka sytuacja ma trwa\u0107 do 18 kwietnia 2021r. <\/p>\n\n\n\n<p>Wszystkie klasy pracuj\u0105 zdalnie, a uczniowie Bran\u017cowej Szko\u0142y I stopnia zwolnieni s\u0105 z praktyk zawodowych u pracodawc\u00f3w. <br>Funkcjonowanie internatu zosta\u0142o ograniczone. <br>Uczniowie klasy IVTM mog\u0105 korzysta\u0107 z indywidualnych konsultacji z przedmiot\u00f3w maturalnych po wcze\u015bniejszym uzgodnieniu z wybranymi nauczycielami. <\/p>\n\n\n\n<p>Liczymy, \u017ce ta sytuacja ulegnie szybkiej poprawie i b\u0119dziemy mogli wznowi\u0107 funkcjonowanie szko\u0142y w pe\u0142nym wymiarze. Tymczasem dbajmy  o zdrowie w\u0142asne i naszych najbli\u017cszych!<\/p>\n\n\n\n<p class=\"has-text-align-right\">Justyna Syga<\/p>\n\n\n\n<p>Wi\u0119cej informacji na stronie Ministerstwa: https:\/\/www.gov.pl\/web\/edukacja-i-nauka\/szkoly-i-placowki-nadal-pracuja-zdalnie&#8211;przedluzenie-obowiazujacych-obostrzen-do-18-kwietnia <\/p>\n\n\n\n<figure class=\"wp-block-image size-large\"><img loading=\"lazy\" decoding=\"async\" width=\"729\" height=\"308\" src=\"http:\/\/zskarlino.pl\/wp-content\/uploads\/2021\/04\/men_grafika.png\" alt=\"\" class=\"wp-image-18149\" srcset=\"https:\/\/zskarlino.pl\/wp-content\/uploads\/2021\/04\/men_grafika.png 729w, https:\/\/zskarlino.pl\/wp-content\/uploads\/2021\/04\/men_grafika-300x127.png 300w\" sizes=\"auto, (max-width: 729px) 100vw, 729px\" \/><\/figure>\n\n\n\n<p>Podstawa prawna: <a href=\"https:\/\/dziennikustaw.gov.pl\/D2021000065101.pdf\" target=\"_blank\" rel=\"noopener\">Rozporz\u0105dzenie Ministra Edukacji i Nauki z dnia 8 kwietnia 2021 r. zmieniaj\u0105ce rozporz\u0105dzenie w sprawie czasowego ograniczenia funkcjonowania jednostek systemu o\u015bwiaty w zwi\u0105zku z zapobieganiem, przeciwdzia\u0142aniem i zwalczaniem COVID-19.<\/a> <\/p>\n","protected":false},"excerpt":{"rendered":"<p>Zgodnie z nowelizacj\u0105 Rozporz\u0105dzenia Ministerstwa Edukacji i Nauki w sprawie czasowego ograniczenia funkcjonowania jednostek systemu o\u015bwiaty w zwi\u0105zku z zapobieganiem, przeciwdzia\u0142aniem i zwalczaniem COVID-19, utrzymane zostaj\u0105 dotychczasowe zasady funkcjonowania naszej szko\u0142y. Taka sytuacja ma trwa\u0107 do 18 kwietnia 2021r. Wszystkie klasy pracuj\u0105 zdalnie, a uczniowie Bran\u017cowej Szko\u0142y I stopnia zwolnieni s\u0105 z praktyk zawodowych u &hellip; <\/p>\n<p><a class=\"more-link btn\" href=\"https:\/\/zskarlino.pl\/?p=18148\">Czytaj dalej<\/a><\/p>\n","protected":false},"author":8,"featured_media":18024,"comment_status":"closed","ping_status":"closed","sticky":false,"template":"","format":"standard","meta":{"footnotes":""},"categories":[3],"tags":[],"class_list":["post-18148","post","type-post","status-publish","format-standard","has-post-thumbnail","hentry","category-wydarzenia","item-wrap"],"_links":{"self":[{"href":"https:\/\/zskarlino.pl\/index.php?rest_route=\/wp\/v2\/posts\/18148","targetHints":{"allow":["GET"]}}],"collection":[{"href":"https:\/\/zskarlino.pl\/index.php?rest_route=\/wp\/v2\/posts"}],"about":[{"href":"https:\/\/zskarlino.pl\/index.php?rest_route=\/wp\/v2\/types\/post"}],"author":[{"embeddable":true,"href":"https:\/\/zskarlino.pl\/index.php?rest_route=\/wp\/v2\/users\/8"}],"replies":[{"embeddable":true,"href":"https:\/\/zskarlino.pl\/index.php?rest_route=%2Fwp%2Fv2%2Fcomments&post=18148"}],"version-history":[{"count":3,"href":"https:\/\/zskarlino.pl\/index.php?rest_route=\/wp\/v2\/posts\/18148\/revisions"}],"predecessor-version":[{"id":18152,"href":"https:\/\/zskarlino.pl\/index.php?rest_route=\/wp\/v2\/posts\/18148\/revisions\/18152"}],"wp:featuredmedia":[{"embeddable":true,"href":"https:\/\/zskarlino.pl\/index.php?rest_route=\/wp\/v2\/media\/18024"}],"wp:attachment":[{"href":"https:\/\/zskarlino.pl\/index.php?rest_route=%2Fwp%2Fv2%2Fmedia&parent=18148"}],"wp:term":[{"taxonomy":"category","embeddable":true,"href":"https:\/\/zskarlino.pl\/index.php?rest_route=%2Fwp%2Fv2%2Fcategories&post=18148"},{"taxonomy":"post_tag","embeddable":true,"href":"https:\/\/zskarlino.pl\/index.php?rest_route=%2Fwp%2Fv2%2Ftags&post=18148"}],"curies":[{"name":"wp","href":"https:\/\/api.w.org\/{rel}","templated":true}]}}