{"id":18142,"date":"2021-04-09T13:53:22","date_gmt":"2021-04-09T11:53:22","guid":{"rendered":"http:\/\/zskarlino.pl\/?p=18142"},"modified":"2021-04-13T15:02:50","modified_gmt":"2021-04-13T13:02:50","slug":"katyn-1940-pamietamy","status":"publish","type":"post","link":"https:\/\/zskarlino.pl\/?p=18142","title":{"rendered":"Katy\u0144 1940-pami\u0119tamy&#8230;"},"content":{"rendered":"\n<p class=\"has-text-align-center\">Historia naszego narodu jest r\u00f3wnie pi\u0119kna, co tragiczna. Dumni jeste\u015bmy <br>z chwil chwa\u0142y, pami\u0119tamy o przelanej krwi.  <\/p>\n\n\n\n<p class=\"has-text-align-center\"><strong><span class=\"has-inline-color has-vivid-red-color\">Katy\u0144 1940 &#8211; pami\u0119tamy&#8230; <\/span><\/strong><\/p>\n\n\n\n<p class=\"has-text-align-center\">Od 2010 roku zbrodnia katy\u0144ska nabra\u0142a nowego wymiaru. W katastrofie lotniczej pod Smole\u0144skiem zgin\u0119\u0142a polska delegacja z Prezydentem Lechem Kaczy\u0144skim na czele zmierzaj\u0105ca na rocznicowe obchody do Katynia. Wci\u0105\u017c wiele tu pyta\u0144 bez odpowiedzi, a wrak samolotu ci\u0105gle w Rosji&#8230;<\/p>\n\n\n\n<p class=\"has-text-align-center\">Zapalmy znicze 10 i 13 kwietnia.<\/p>\n\n\n\n<figure class=\"wp-block-video\"><video height=\"1080\" style=\"aspect-ratio: 1920 \/ 1080;\" width=\"1920\" controls src=\"http:\/\/zskarlino.pl\/wp-content\/uploads\/2021\/04\/Katyn-.mp4\"><\/video><figcaption>Prezentacja uczni\u00f3w nt. &#8222;Katy\u0144 1940&#8221;<\/figcaption><\/figure>\n\n\n\n<p><\/p>\n","protected":false},"excerpt":{"rendered":"<p>Historia naszego narodu jest r\u00f3wnie pi\u0119kna, co tragiczna. Dumni jeste\u015bmy z chwil chwa\u0142y, pami\u0119tamy o przelanej krwi. Katy\u0144 1940 &#8211; pami\u0119tamy&#8230; Od 2010 roku zbrodnia katy\u0144ska nabra\u0142a nowego wymiaru. W katastrofie lotniczej pod Smole\u0144skiem zgin\u0119\u0142a polska delegacja z Prezydentem Lechem Kaczy\u0144skim na czele zmierzaj\u0105ca na rocznicowe obchody do Katynia. Wci\u0105\u017c wiele tu pyta\u0144 bez odpowiedzi, &hellip; <\/p>\n<p><a class=\"more-link btn\" href=\"https:\/\/zskarlino.pl\/?p=18142\">Czytaj dalej<\/a><\/p>\n","protected":false},"author":3,"featured_media":0,"comment_status":"closed","ping_status":"closed","sticky":false,"template":"","format":"standard","meta":{"footnotes":""},"categories":[3],"tags":[],"class_list":["post-18142","post","type-post","status-publish","format-standard","hentry","category-wydarzenia","item-wrap"],"_links":{"self":[{"href":"https:\/\/zskarlino.pl\/index.php?rest_route=\/wp\/v2\/posts\/18142","targetHints":{"allow":["GET"]}}],"collection":[{"href":"https:\/\/zskarlino.pl\/index.php?rest_route=\/wp\/v2\/posts"}],"about":[{"href":"https:\/\/zskarlino.pl\/index.php?rest_route=\/wp\/v2\/types\/post"}],"author":[{"embeddable":true,"href":"https:\/\/zskarlino.pl\/index.php?rest_route=\/wp\/v2\/users\/3"}],"replies":[{"embeddable":true,"href":"https:\/\/zskarlino.pl\/index.php?rest_route=%2Fwp%2Fv2%2Fcomments&post=18142"}],"version-history":[{"count":4,"href":"https:\/\/zskarlino.pl\/index.php?rest_route=\/wp\/v2\/posts\/18142\/revisions"}],"predecessor-version":[{"id":18153,"href":"https:\/\/zskarlino.pl\/index.php?rest_route=\/wp\/v2\/posts\/18142\/revisions\/18153"}],"wp:attachment":[{"href":"https:\/\/zskarlino.pl\/index.php?rest_route=%2Fwp%2Fv2%2Fmedia&parent=18142"}],"wp:term":[{"taxonomy":"category","embeddable":true,"href":"https:\/\/zskarlino.pl\/index.php?rest_route=%2Fwp%2Fv2%2Fcategories&post=18142"},{"taxonomy":"post_tag","embeddable":true,"href":"https:\/\/zskarlino.pl\/index.php?rest_route=%2Fwp%2Fv2%2Ftags&post=18142"}],"curies":[{"name":"wp","href":"https:\/\/api.w.org\/{rel}","templated":true}]}}