{"id":18121,"date":"2021-03-26T15:23:57","date_gmt":"2021-03-26T14:23:57","guid":{"rendered":"http:\/\/zskarlino.pl\/?p=18121"},"modified":"2021-03-28T14:24:47","modified_gmt":"2021-03-28T12:24:47","slug":"informacja-dyrektora-zespolu-szkol-w-karlinie-na-temat-funkcjonowania-szkoly-w-okresie-od-29-marca-do-09-kwietnia-2021r","status":"publish","type":"post","link":"https:\/\/zskarlino.pl\/?p=18121","title":{"rendered":"Informacja Dyrektora Zespo\u0142u Szk\u00f3\u0142 w Karlinie na temat funkcjonowania szko\u0142y w okresie od 29 marca do 09 kwietnia 2021r."},"content":{"rendered":"\n<p>Szanowni Uczniowie, Rodzice, Pracodawcy i Nauczyciele,<\/p>\n\n\n\n<p>W zwi\u0105zku z najnowszym rozporz\u0105dzeniem Ministra Edukacji i Nauki, w okresie od 29 marca do 09 kwietnia 2021, wszystkie zaj\u0119cia b\u0119d\u0105 realizowane za pomoc\u0105 technik i narz\u0119dzi kszta\u0142cenia na odleg\u0142o\u015b\u0107. Nauczanie zdalne dotyczy r\u00f3wnie\u017c zaj\u0119\u0107 praktycznych w technikum, kt\u00f3re dotychczas realizowane by\u0142y na terenie szko\u0142y lub Politechniki Koszali\u0144skiej. <\/p>\n\n\n\n<p>Uczniowie BSI (m\u0142odociani pracownicy) s\u0105 zwolnieni z zaj\u0119\u0107 praktycznych u pracodawc\u00f3w od 29 marca br. Uczniowie, prosz\u0119 skontaktowa\u0107 si\u0119 ze swoimi pracodawcami, w celu przekazania im tej informacji.<br>Szanowni Pracodawcy, ograniczenie\u00a0dotycz\u0105ce \u015bwiadczenia pracy przez\u00a0m\u0142odocianych\u00a0wynika z regulacji ustawowej, a konkretnie z art.\u00a015f\u00a0ustawy\u00a0z dnia 2 marca 2020 r. o szczeg\u00f3lnych rozwi\u0105zaniach zwi\u0105zanych z zapobieganiem, przeciwdzia\u0142aniem i zwalczaniem COVID-19, innych chor\u00f3b zaka\u017anych oraz wywo\u0142anych nimi sytuacji kryzysowych. (tekst jednolity\u00a0Dz.U.2020.\u00a0poz.\u00a01842\u00a0ze zm.).\u00a0\u00a0Zgodnie ze wspomnianym przepisem \u201cpracodawca zwalnia\u00a0m\u0142odocianego pracownika odbywaj\u0105cego\u00a0przygotowanie zawodowe\u00a0z obowi\u0105zku \u015bwiadczenia pracy.\u201d\u00a0\u00a0\u00a0<br>Przepis ten by\u0142 \u201czawieszony\u201d w ostatnich miesi\u0105cach dzi\u0119ki rozporz\u0105dzeniu\u00a0Ministra Edukacji i Nauki\u00a0z 12 sierpnia\u00a02020,\u00a0na podstawie kt\u00f3rego pracownicy m\u0142odociani mogli \u015bwiadczy\u0107 prac\u0119, o ile u pracodawcy nie wyst\u0119powa\u0142y\u00a0zdarzenia mog\u0105ce\u00a0zagrozi\u0107 ich zdrowiu.\u00a0 Rozporz\u0105dzenie\u00a0MEiN\u00a0z 26 marca nie zawiera ju\u017c zapis\u00f3w o warunkowym odbywaniu si\u0119 praktyk zawodowych i zaj\u0119\u0107 praktycznych, dlatego obowi\u0105zuj\u0105 nas wszystkich regulacje ustawowe z marca ubieg\u0142ego roku.\u00a0<br>Jednocze\u015bnie\u00a0informuj\u0119, \u017ce\u00a0pracodawcy, kt\u00f3rzy maj\u0105 zawarte umowy o refundacj\u0119\u00a0zachowuj\u0105 do niej prawo,\u00a0je\u017celi wyp\u0142ac\u0105 m\u0142odocianym wynagrodzenia.\u00a0\u00a0<br>W przypadku pyta\u0144 lub w\u0105tpliwo\u015bci prosz\u0119 o kontakt ze szko\u0142\u0105.<\/p>\n\n\n\n<p>Z uwagi na aktualn\u0105 sytuacj\u0119 ograniczone zostaje r\u00f3wnie\u017c funkcjonowanie internatu. &nbsp;&nbsp;&nbsp;<\/p>\n\n\n\n<p>O wszelkich zmianach w dzia\u0142alno\u015bci Zespo\u0142u Szk\u00f3\u0142  b\u0119dziemy Pa\u0144stwa na bie\u017c\u0105co informowa\u0107.<\/p>\n\n\n\n<p>Wi\u0119cej informacji o zmianach w funkcjonowaniu plac\u00f3wek o\u015bwiatowych na stronie MEiN: <a href=\"https:\/\/www.gov.pl\/web\/edukacja-i-nauka\/zawieszenie-pracy-stacjonarnej-przedszkoli-do-11-kwietnia\" target=\"_blank\" rel=\"noreferrer noopener\">https:\/\/www.gov.pl\/web\/edukacja-i-nauka\/zawieszenie-pracy-stacjonarnej-przedszkoli-do-11-kwietnia<\/a><\/p>\n\n\n\n<p class=\"has-text-align-right\">Justyna Syga<\/p>\n\n\n\n<figure class=\"wp-block-image size-large\"><img loading=\"lazy\" decoding=\"async\" width=\"729\" height=\"308\" src=\"http:\/\/zskarlino.pl\/wp-content\/uploads\/2021\/03\/26.03.2021.jpg\" alt=\"\" class=\"wp-image-18122\" srcset=\"https:\/\/zskarlino.pl\/wp-content\/uploads\/2021\/03\/26.03.2021.jpg 729w, https:\/\/zskarlino.pl\/wp-content\/uploads\/2021\/03\/26.03.2021-300x127.jpg 300w\" sizes=\"auto, (max-width: 729px) 100vw, 729px\" \/><\/figure>\n","protected":false},"excerpt":{"rendered":"<p>Szanowni Uczniowie, Rodzice, Pracodawcy i Nauczyciele, W zwi\u0105zku z najnowszym rozporz\u0105dzeniem Ministra Edukacji i Nauki, w okresie od 29 marca do 09 kwietnia 2021, wszystkie zaj\u0119cia b\u0119d\u0105 realizowane za pomoc\u0105 technik i narz\u0119dzi kszta\u0142cenia na odleg\u0142o\u015b\u0107. Nauczanie zdalne dotyczy r\u00f3wnie\u017c zaj\u0119\u0107 praktycznych w technikum, kt\u00f3re dotychczas realizowane by\u0142y na terenie szko\u0142y lub Politechniki Koszali\u0144skiej. Uczniowie &hellip; <\/p>\n<p><a class=\"more-link btn\" href=\"https:\/\/zskarlino.pl\/?p=18121\">Czytaj dalej<\/a><\/p>\n","protected":false},"author":8,"featured_media":18122,"comment_status":"closed","ping_status":"closed","sticky":false,"template":"","format":"standard","meta":{"footnotes":""},"categories":[3],"tags":[],"class_list":["post-18121","post","type-post","status-publish","format-standard","has-post-thumbnail","hentry","category-wydarzenia","item-wrap"],"_links":{"self":[{"href":"https:\/\/zskarlino.pl\/index.php?rest_route=\/wp\/v2\/posts\/18121","targetHints":{"allow":["GET"]}}],"collection":[{"href":"https:\/\/zskarlino.pl\/index.php?rest_route=\/wp\/v2\/posts"}],"about":[{"href":"https:\/\/zskarlino.pl\/index.php?rest_route=\/wp\/v2\/types\/post"}],"author":[{"embeddable":true,"href":"https:\/\/zskarlino.pl\/index.php?rest_route=\/wp\/v2\/users\/8"}],"replies":[{"embeddable":true,"href":"https:\/\/zskarlino.pl\/index.php?rest_route=%2Fwp%2Fv2%2Fcomments&post=18121"}],"version-history":[{"count":6,"href":"https:\/\/zskarlino.pl\/index.php?rest_route=\/wp\/v2\/posts\/18121\/revisions"}],"predecessor-version":[{"id":18129,"href":"https:\/\/zskarlino.pl\/index.php?rest_route=\/wp\/v2\/posts\/18121\/revisions\/18129"}],"wp:featuredmedia":[{"embeddable":true,"href":"https:\/\/zskarlino.pl\/index.php?rest_route=\/wp\/v2\/media\/18122"}],"wp:attachment":[{"href":"https:\/\/zskarlino.pl\/index.php?rest_route=%2Fwp%2Fv2%2Fmedia&parent=18121"}],"wp:term":[{"taxonomy":"category","embeddable":true,"href":"https:\/\/zskarlino.pl\/index.php?rest_route=%2Fwp%2Fv2%2Fcategories&post=18121"},{"taxonomy":"post_tag","embeddable":true,"href":"https:\/\/zskarlino.pl\/index.php?rest_route=%2Fwp%2Fv2%2Ftags&post=18121"}],"curies":[{"name":"wp","href":"https:\/\/api.w.org\/{rel}","templated":true}]}}