{"id":18113,"date":"2021-03-25T13:36:12","date_gmt":"2021-03-25T12:36:12","guid":{"rendered":"http:\/\/zskarlino.pl\/?p=18113"},"modified":"2021-03-25T13:38:29","modified_gmt":"2021-03-25T12:38:29","slug":"zaproszenie-do-tworzenia-strategii-panstwa-polskiego-i-wspolnego-decydowania-o-przyszlosci-polski","status":"publish","type":"post","link":"https:\/\/zskarlino.pl\/?p=18113","title":{"rendered":"ZAPROSZENIE DO TWORZENIA STRATEGII PA\u0143STWA POLSKIEGO I WSP\u00d3LNEGO DECYDOWANIA O PRZYSZ\u0141O\u015aCI POLSKI"},"content":{"rendered":"\n<div class=\"wp-block-image\"><figure class=\"aligncenter size-large\"><img loading=\"lazy\" decoding=\"async\" width=\"454\" height=\"191\" src=\"http:\/\/zskarlino.pl\/wp-content\/uploads\/2021\/03\/Bez-tytulu.jpg\" alt=\"\" class=\"wp-image-18114\" srcset=\"https:\/\/zskarlino.pl\/wp-content\/uploads\/2021\/03\/Bez-tytulu.jpg 454w, https:\/\/zskarlino.pl\/wp-content\/uploads\/2021\/03\/Bez-tytulu-300x126.jpg 300w\" sizes=\"auto, (max-width: 454px) 100vw, 454px\" \/><\/figure><\/div>\n\n\n\n<p><strong>Dnia 25 marca<\/strong>&nbsp;o godzinie 17.00 poprzez platform\u0119 Zoom nasi uczniowie&nbsp;<strong>Daria Kozyra<\/strong>&nbsp;(2 TG a) i&nbsp;<strong>Norbert Bahr<\/strong>&nbsp;(2 TM a)&nbsp;<strong>wezm\u0105 udzia\u0142 w konsultacjach dla wojew\u00f3dztwa zachodniopomorskiego organizowanych przez&nbsp;Piotra Mazurka&nbsp;Pe\u0142nomocnika Rz\u0105du ds. Polityki M\u0142odzie\u017cowej i Rad\u0119 Dialogu z M\u0142odym Pokoleniem.&nbsp;<\/strong><\/p>\n\n\n\n<p>\u201eKonsultacje wojew\u00f3dzkie og\u00f3lnopolskiego dokumentu strategicznego dla m\u0142odzie\u017cy to pierwsza w historii naszego pa\u0144stwa inicjatywa, w kt\u00f3rej przedstawiciel administracji rz\u0105dowej zaprasza wszystkich m\u0142odych Polak\u00f3w do tworzenia strategii pa\u0144stwa polskiego&nbsp;<br>a tym samym do wsp\u00f3lnego decydowania o przysz\u0142o\u015bci Polski.\u201d<\/p>\n\n\n\n<p>Wydarzenie skupia przedstawicieli r\u00f3\u017cnych \u015brodowisk &#8211; m\u0142odzie\u017cowych, uczni\u00f3w, student\u00f3w i doktorant\u00f3w z ca\u0142ej Polski. Celem konsultacji wojew\u00f3dzkich jest wypracowanie rozwi\u0105za\u0144, zebranie opinii i pomys\u0142\u00f3w, kt\u00f3re zostan\u0105 uwzgl\u0119dnione w dokumencie strategicznym.<\/p>\n\n\n\n<p>W trakcie konsultacji uczestnicy b\u0119d\u0105 dyskutowa\u0107 nad&nbsp;&nbsp;sprawami, kt\u00f3re s\u0105 najwa\u017cniejsze dla m\u0142odego pokolenia Polak\u00f3w.&nbsp;<\/p>\n\n\n\n<p>Dyskusje b\u0119d\u0105 prowadzone w sze\u015bciu obszarach tematycznych:<\/p>\n\n\n\n<ul class=\"wp-block-list\"><li>edukacja i szkolnictwo wy\u017csze&nbsp;<\/li><li>rynek pracy i przedsi\u0119biorczo\u015b\u0107<\/li><li>spo\u0142ecze\u0144stwo obywatelskie i kultura<\/li><li>polityka spo\u0142eczna, polityka prorodzinna i mieszkaniowa&nbsp;<\/li><li>zdrowie i sport&nbsp;<\/li><li>ekologia i klimat.<\/li><\/ul>\n\n\n\n<p><strong>Ka\u017cdy uczestnik spotka\u0144 konsultacyjnych otrzyma certyfikat potwierdzaj\u0105cy udzia\u0142&nbsp;w pracach nad stworzeniem projektu \u201eStrategii RP na Recz M\u0142odego Pokolenia\u201d.<\/strong><\/p>\n\n\n\n<p><strong>\u017byczymy naszym przedstawicielom owocnych obrad!<\/strong><strong><\/strong><\/p>\n\n\n\n<p class=\"has-text-align-right\"><strong>Opiekunki Samorz\u0105du Uczniowskiego<\/strong><strong><\/strong><\/p>\n","protected":false},"excerpt":{"rendered":"<p>Dnia 25 marca&nbsp;o godzinie 17.00 poprzez platform\u0119 Zoom nasi uczniowie&nbsp;Daria Kozyra&nbsp;(2 TG a) i&nbsp;Norbert Bahr&nbsp;(2 TM a)&nbsp;wezm\u0105 udzia\u0142 w konsultacjach dla wojew\u00f3dztwa zachodniopomorskiego organizowanych przez&nbsp;Piotra Mazurka&nbsp;Pe\u0142nomocnika Rz\u0105du ds. Polityki M\u0142odzie\u017cowej i Rad\u0119 Dialogu z M\u0142odym Pokoleniem.&nbsp; \u201eKonsultacje wojew\u00f3dzkie og\u00f3lnopolskiego dokumentu strategicznego dla m\u0142odzie\u017cy to pierwsza w historii naszego pa\u0144stwa inicjatywa, w kt\u00f3rej przedstawiciel administracji rz\u0105dowej &hellip; <\/p>\n<p><a class=\"more-link btn\" href=\"https:\/\/zskarlino.pl\/?p=18113\">Czytaj dalej<\/a><\/p>\n","protected":false},"author":6,"featured_media":0,"comment_status":"closed","ping_status":"closed","sticky":false,"template":"","format":"standard","meta":{"footnotes":""},"categories":[3],"tags":[],"class_list":["post-18113","post","type-post","status-publish","format-standard","hentry","category-wydarzenia","item-wrap"],"_links":{"self":[{"href":"https:\/\/zskarlino.pl\/index.php?rest_route=\/wp\/v2\/posts\/18113","targetHints":{"allow":["GET"]}}],"collection":[{"href":"https:\/\/zskarlino.pl\/index.php?rest_route=\/wp\/v2\/posts"}],"about":[{"href":"https:\/\/zskarlino.pl\/index.php?rest_route=\/wp\/v2\/types\/post"}],"author":[{"embeddable":true,"href":"https:\/\/zskarlino.pl\/index.php?rest_route=\/wp\/v2\/users\/6"}],"replies":[{"embeddable":true,"href":"https:\/\/zskarlino.pl\/index.php?rest_route=%2Fwp%2Fv2%2Fcomments&post=18113"}],"version-history":[{"count":2,"href":"https:\/\/zskarlino.pl\/index.php?rest_route=\/wp\/v2\/posts\/18113\/revisions"}],"predecessor-version":[{"id":18116,"href":"https:\/\/zskarlino.pl\/index.php?rest_route=\/wp\/v2\/posts\/18113\/revisions\/18116"}],"wp:attachment":[{"href":"https:\/\/zskarlino.pl\/index.php?rest_route=%2Fwp%2Fv2%2Fmedia&parent=18113"}],"wp:term":[{"taxonomy":"category","embeddable":true,"href":"https:\/\/zskarlino.pl\/index.php?rest_route=%2Fwp%2Fv2%2Fcategories&post=18113"},{"taxonomy":"post_tag","embeddable":true,"href":"https:\/\/zskarlino.pl\/index.php?rest_route=%2Fwp%2Fv2%2Ftags&post=18113"}],"curies":[{"name":"wp","href":"https:\/\/api.w.org\/{rel}","templated":true}]}}