{"id":18108,"date":"2021-03-19T16:15:20","date_gmt":"2021-03-19T15:15:20","guid":{"rendered":"http:\/\/zskarlino.pl\/?p=18108"},"modified":"2021-03-19T16:24:43","modified_gmt":"2021-03-19T15:24:43","slug":"informacja-dyrektora-zespolu-szkol-na-temat-funkcjonowania-szkoly-od-22-marca-2021","status":"publish","type":"post","link":"https:\/\/zskarlino.pl\/?p=18108","title":{"rendered":"Informacja Dyrektora Zespo\u0142u Szk\u00f3\u0142 na temat funkcjonowania szko\u0142y od 22 marca 2021"},"content":{"rendered":"\n<p>Drodzy Uczniowie, Rodzice i Nauczyciele,<\/p>\n\n\n\n<p>Zgodnie z ostatnimi zmianami w funkcjonowaniu szk\u00f3\u0142 informuj\u0119, \u017ce opublikowane rozporz\u0105dzenie nie zmienia zasad organizacji praktycznej nauki zawodu. <br>Oznacza to, \u017ce uczniowie technikum uczestnicz\u0105 w zaj\u0119ciach praktycznych zgodnie z dotychczasowym planem zaj\u0119\u0107, a zaj\u0119cia teoretyczne oraz og\u00f3lnokszta\u0142c\u0105ce za pomoc\u0105 technik kszta\u0142cenia na odleg\u0142o\u015b\u0107.<br>Natomiast uczniowie BSI kontynuuj\u0105 nauk\u0119 zdaln\u0105 w dni nauki szkolnej (w tym na kursach), a praktyki zawodowe realizuj\u0105 zgodnie z ustaleniami ze swoimi pracodawcami. <\/p>\n\n\n\n<p>Pojawia si\u0119 wiele sprzecznych doniesie\u0144 prasowych, dlatego prosimy, aby weryfikowa\u0107 wiadomo\u015bci z wiarygodnymi \u017ar\u00f3d\u0142ami.<br>O zmianach b\u0119dziemy niezw\u0142ocznie informowa\u0107.&nbsp;&nbsp;<\/p>\n\n\n\n<p>Jednocze\u015bnie zapraszam na spotkania z wychowawcami w przysz\u0142ym tygodniu &#8211; oczywi\u015bcie online na platformie MSTeams (zgodnie z harmonogramem &#8211; wtorek 23.03.3021r.)<\/p>\n\n\n\n<p>Wi\u0119cej informacji na stronie:<br> <a href=\"https:\/\/www.gov.pl\/web\/edukacja-i-nauka\/wracamy-czasowo-do-nauki-zdalnej-w-szkolach\" target=\"_blank\" rel=\"noopener\">https:\/\/www.gov.pl\/web\/edukacja-i-nauka\/wracamy-czasowo-do-nauki-zdalnej-w-szkolach<\/a><\/p>\n\n\n\n<p><em>Podstawa prawna: Rozporz\u0105dzenie Ministra Edukacji i Nauki z dnia 18 marca 2021 r. zmieniaj\u0105ce rozporz\u0105dzenie w sprawie czasowego ograniczenia funkcjonowania jednostek systemu o\u015bwiaty w zwi\u0105zku z zapobieganiem, przeciwdzia\u0142aniem i zwalczaniem COVID-19.<\/em><\/p>\n\n\n\n<p class=\"has-text-align-right\">Justyna Syga<\/p>\n","protected":false},"excerpt":{"rendered":"<p>Drodzy Uczniowie, Rodzice i Nauczyciele, Zgodnie z ostatnimi zmianami w funkcjonowaniu szk\u00f3\u0142 informuj\u0119, \u017ce opublikowane rozporz\u0105dzenie nie zmienia zasad organizacji praktycznej nauki zawodu. Oznacza to, \u017ce uczniowie technikum uczestnicz\u0105 w zaj\u0119ciach praktycznych zgodnie z dotychczasowym planem zaj\u0119\u0107, a zaj\u0119cia teoretyczne oraz og\u00f3lnokszta\u0142c\u0105ce za pomoc\u0105 technik kszta\u0142cenia na odleg\u0142o\u015b\u0107.Natomiast uczniowie BSI kontynuuj\u0105 nauk\u0119 zdaln\u0105 w dni &hellip; <\/p>\n<p><a class=\"more-link btn\" href=\"https:\/\/zskarlino.pl\/?p=18108\">Czytaj dalej<\/a><\/p>\n","protected":false},"author":8,"featured_media":17806,"comment_status":"closed","ping_status":"closed","sticky":false,"template":"","format":"standard","meta":{"footnotes":""},"categories":[3],"tags":[],"class_list":["post-18108","post","type-post","status-publish","format-standard","has-post-thumbnail","hentry","category-wydarzenia","item-wrap"],"_links":{"self":[{"href":"https:\/\/zskarlino.pl\/index.php?rest_route=\/wp\/v2\/posts\/18108","targetHints":{"allow":["GET"]}}],"collection":[{"href":"https:\/\/zskarlino.pl\/index.php?rest_route=\/wp\/v2\/posts"}],"about":[{"href":"https:\/\/zskarlino.pl\/index.php?rest_route=\/wp\/v2\/types\/post"}],"author":[{"embeddable":true,"href":"https:\/\/zskarlino.pl\/index.php?rest_route=\/wp\/v2\/users\/8"}],"replies":[{"embeddable":true,"href":"https:\/\/zskarlino.pl\/index.php?rest_route=%2Fwp%2Fv2%2Fcomments&post=18108"}],"version-history":[{"count":3,"href":"https:\/\/zskarlino.pl\/index.php?rest_route=\/wp\/v2\/posts\/18108\/revisions"}],"predecessor-version":[{"id":18111,"href":"https:\/\/zskarlino.pl\/index.php?rest_route=\/wp\/v2\/posts\/18108\/revisions\/18111"}],"wp:featuredmedia":[{"embeddable":true,"href":"https:\/\/zskarlino.pl\/index.php?rest_route=\/wp\/v2\/media\/17806"}],"wp:attachment":[{"href":"https:\/\/zskarlino.pl\/index.php?rest_route=%2Fwp%2Fv2%2Fmedia&parent=18108"}],"wp:term":[{"taxonomy":"category","embeddable":true,"href":"https:\/\/zskarlino.pl\/index.php?rest_route=%2Fwp%2Fv2%2Fcategories&post=18108"},{"taxonomy":"post_tag","embeddable":true,"href":"https:\/\/zskarlino.pl\/index.php?rest_route=%2Fwp%2Fv2%2Ftags&post=18108"}],"curies":[{"name":"wp","href":"https:\/\/api.w.org\/{rel}","templated":true}]}}