{"id":18061,"date":"2021-02-26T15:34:00","date_gmt":"2021-02-26T14:34:00","guid":{"rendered":"http:\/\/zskarlino.pl\/?p=18061"},"modified":"2021-02-28T12:37:44","modified_gmt":"2021-02-28T11:37:44","slug":"informacja-dyrektora-zespolu-szkol-w-karlinie-na-temat-biezacego-funkcjonowania-szkoly","status":"publish","type":"post","link":"https:\/\/zskarlino.pl\/?p=18061","title":{"rendered":"Informacja Dyrektora Zespo\u0142u Szk\u00f3\u0142 w Karlinie na temat bie\u017c\u0105cego funkcjonowania szko\u0142y"},"content":{"rendered":"\n<p>Zgodnie z najnowszym rozporz\u0105dzeniem MEiN uczniowie Zespo\u0142u Szk\u00f3\u0142 w Karlinie ucz\u0105 si\u0119 na dotychczas wprowadzonych zasadach. <\/p>\n\n\n\n<p>Uczniowie BSI ucz\u0105 si\u0119 zdalnie oraz realizuj\u0105 praktyczn\u0105 nauk\u0119 zawodu w porozumieniu ze swoimi pracodawcami. Zgodnie z informacj\u0105 otrzyman\u0105 z firmy Homanit, ich praktykanci-m\u0142odociani pracownicy s\u0105 zwolnieni ze \u015bwiadczenia pracy do ko\u0144ca marca.<\/p>\n\n\n\n<p>Uczniowie Technikum ucz\u0105 si\u0119 zdalnie, a w wybrane dni tygodnia przychodz\u0105 na zaj\u0119cia praktyczne do szko\u0142y-zgodnie z planem zaj\u0119\u0107.<br>Uczniowie klas III TM, II TMa i II TMb w \u015brody maj\u0105 zaj\u0119cia na Politechnice Koszali\u0144skiej, zgodnie z harmonogramem wyjazd\u00f3w.<\/p>\n\n\n\n<p>Uczniowie klasy IV TM uczestnicz\u0105 w ma\u0142ych grupach w konsultacjach na terenie szko\u0142y. Wychowawca monitoruje liczebno\u015b\u0107 i sk\u0142ady grup. Uczniowie mog\u0105 wzi\u0105\u0107 udzia\u0142 w pr\u00f3bnej maturze na terenie szko\u0142y zgodnie z harmonogramem przekazanym przez CKE.<\/p>\n\n\n\n<p>Wszystkie zaj\u0119cia dodatkowe, projektowe oraz z zakresu pomocy pedagogiczno-psychologicznej odbywaj\u0105 si\u0119 zdalnie na platformie MS Teams. <\/p>\n\n\n\n<p>Szko\u0142a u\u017cycza sprz\u0119t komputerowy niezb\u0119dny uczniom do nauki zdalnej. Uczniowie, kt\u00f3rzy ze wzgl\u0119du na niepe\u0142nosprawno\u015b\u0107 maj\u0105 trudno\u015bci z realizacj\u0105 nauki zdalnej w domu, po konsultacji z dyrektorem, uczestnicz\u0105 w zaj\u0119ciach stacjonarnie w szkole.<\/p>\n\n\n\n<p>Przypominam, \u017ce do szko\u0142y przychodz\u0105 jedynie uczniowie zdrowi, kt\u00f3rzy nie przebywaj\u0105 na kwarantannie, lub w izolacji domowej. Je\u017celi kt\u00f3re\u015b z obostrze\u0144 dotyczy cz\u0142onk\u00f3w rodziny uczni\u00f3w &#8211; nie mog\u0105 oni uczestniczy\u0107 w zaj\u0119ciach. W przypadku pyta\u0144 lub w\u0105tpliwo\u015bci prosimy o kontakt poprzez dziennik elektroniczny z wychowawcami lub telefoniczny z sekretariatem szko\u0142y.<\/p>\n\n\n\n<p class=\"has-text-align-right\">Justyna Syga<\/p>\n","protected":false},"excerpt":{"rendered":"<p>Zgodnie z najnowszym rozporz\u0105dzeniem MEiN uczniowie Zespo\u0142u Szk\u00f3\u0142 w Karlinie ucz\u0105 si\u0119 na dotychczas wprowadzonych zasadach. Uczniowie BSI ucz\u0105 si\u0119 zdalnie oraz realizuj\u0105 praktyczn\u0105 nauk\u0119 zawodu w porozumieniu ze swoimi pracodawcami. Zgodnie z informacj\u0105 otrzyman\u0105 z firmy Homanit, ich praktykanci-m\u0142odociani pracownicy s\u0105 zwolnieni ze \u015bwiadczenia pracy do ko\u0144ca marca. Uczniowie Technikum ucz\u0105 si\u0119 zdalnie, a &hellip; <\/p>\n<p><a class=\"more-link btn\" href=\"https:\/\/zskarlino.pl\/?p=18061\">Czytaj dalej<\/a><\/p>\n","protected":false},"author":8,"featured_media":18019,"comment_status":"closed","ping_status":"closed","sticky":false,"template":"","format":"standard","meta":{"footnotes":""},"categories":[3],"tags":[],"class_list":["post-18061","post","type-post","status-publish","format-standard","has-post-thumbnail","hentry","category-wydarzenia","item-wrap"],"_links":{"self":[{"href":"https:\/\/zskarlino.pl\/index.php?rest_route=\/wp\/v2\/posts\/18061","targetHints":{"allow":["GET"]}}],"collection":[{"href":"https:\/\/zskarlino.pl\/index.php?rest_route=\/wp\/v2\/posts"}],"about":[{"href":"https:\/\/zskarlino.pl\/index.php?rest_route=\/wp\/v2\/types\/post"}],"author":[{"embeddable":true,"href":"https:\/\/zskarlino.pl\/index.php?rest_route=\/wp\/v2\/users\/8"}],"replies":[{"embeddable":true,"href":"https:\/\/zskarlino.pl\/index.php?rest_route=%2Fwp%2Fv2%2Fcomments&post=18061"}],"version-history":[{"count":2,"href":"https:\/\/zskarlino.pl\/index.php?rest_route=\/wp\/v2\/posts\/18061\/revisions"}],"predecessor-version":[{"id":18063,"href":"https:\/\/zskarlino.pl\/index.php?rest_route=\/wp\/v2\/posts\/18061\/revisions\/18063"}],"wp:featuredmedia":[{"embeddable":true,"href":"https:\/\/zskarlino.pl\/index.php?rest_route=\/wp\/v2\/media\/18019"}],"wp:attachment":[{"href":"https:\/\/zskarlino.pl\/index.php?rest_route=%2Fwp%2Fv2%2Fmedia&parent=18061"}],"wp:term":[{"taxonomy":"category","embeddable":true,"href":"https:\/\/zskarlino.pl\/index.php?rest_route=%2Fwp%2Fv2%2Fcategories&post=18061"},{"taxonomy":"post_tag","embeddable":true,"href":"https:\/\/zskarlino.pl\/index.php?rest_route=%2Fwp%2Fv2%2Ftags&post=18061"}],"curies":[{"name":"wp","href":"https:\/\/api.w.org\/{rel}","templated":true}]}}