{"id":17977,"date":"2021-01-25T10:42:00","date_gmt":"2021-01-25T09:42:00","guid":{"rendered":"http:\/\/zskarlino.pl\/?p=17977"},"modified":"2021-02-10T12:28:35","modified_gmt":"2021-02-10T11:28:35","slug":"podsumowanie-i-polrocza-roku-szkolnego-2020-21","status":"publish","type":"post","link":"https:\/\/zskarlino.pl\/?p=17977","title":{"rendered":"Podsumowanie I p\u00f3\u0142rocza roku szkolnego 2020\/21"},"content":{"rendered":"\n<p>Drodzy Uczniowie, Rodzice, Pracodawcy i Przyjaciele Zespo\u0142u Szk\u00f3\u0142 w Karlinie,<\/p>\n\n\n\n<p>Za nami pierwsze p\u00f3\u0142rocze roku szkolnego 2020\/21. Bardzo ci\u0119\u017cki czas pr\u00f3by dla naszych uczni\u00f3w, ale i nas &#8211; pracownik\u00f3w Zespo\u0142u Szk\u00f3\u0142 w Karlinie. <br>Cieszymy si\u0119, \u017ce nie poddajecie si\u0119 i wi\u0119kszo\u015b\u0107 z Was dba o odpowiedni\u0105 postaw\u0119 uczniowsk\u0105, a nasi Nauczyciele oraz Pracownicy Administracji i Obs\u0142ugi Was w tym wspieraj\u0105 i dbaj\u0105 o bezpieczne warunki dla Was.<br>Dbajmy wszyscy o jak najwy\u017cszy poziom edukacji, bo wiele odpowiedzialno\u015bci za procesy nauczania jest teraz po Waszej stronie, drodzy Uczniowie. Wiemy, \u017ce sta\u0107 Was na du\u017co wi\u0119cej!   <\/p>\n\n\n\n<p>\u017byczymy wiele wytrwa\u0142o\u015bci w zdobywaniu wiedzy i liczymy na powr\u00f3t do szkolnej normalno\u015bci.<br>Zapraszamy do kr\u00f3tkiego podsumowania I p\u00f3\u0142rocza, prezentacja przygotowana przez p. Magdalen\u0119 Mali\u0144sk\u0105 jest dost\u0119pna poni\u017cej.<\/p>\n\n\n\n<div class=\"wp-block-file\"><a href=\"http:\/\/zskarlino.pl\/wp-content\/uploads\/2021\/02\/Prezentacja-I-polrocze-20_21.pdf\">Prezentacja-I-polrocze-20_21<\/a><a href=\"http:\/\/zskarlino.pl\/wp-content\/uploads\/2021\/02\/Prezentacja-I-polrocze-20_21.pdf\" class=\"wp-block-file__button\" download>Pobierz<\/a><\/div>\n\n\n\n<div class=\"wp-block-group\"><div class=\"wp-block-group__inner-container is-layout-flow wp-block-group-is-layout-flow\">\n<figure class=\"wp-block-gallery columns-3 is-cropped wp-block-gallery-1 is-layout-flex wp-block-gallery-is-layout-flex\"><ul class=\"blocks-gallery-grid\"><li class=\"blocks-gallery-item\"><figure><img loading=\"lazy\" decoding=\"async\" width=\"960\" height=\"720\" src=\"http:\/\/zskarlino.pl\/wp-content\/uploads\/2021\/02\/Slide32.jpg\" alt=\"\" data-id=\"18011\" data-full-url=\"http:\/\/zskarlino.pl\/wp-content\/uploads\/2021\/02\/Slide32.jpg\" data-link=\"http:\/\/zskarlino.pl\/?attachment_id=18011\" class=\"wp-image-18011\" srcset=\"https:\/\/zskarlino.pl\/wp-content\/uploads\/2021\/02\/Slide32.jpg 960w, https:\/\/zskarlino.pl\/wp-content\/uploads\/2021\/02\/Slide32-300x225.jpg 300w, https:\/\/zskarlino.pl\/wp-content\/uploads\/2021\/02\/Slide32-768x576.jpg 768w, https:\/\/zskarlino.pl\/wp-content\/uploads\/2021\/02\/Slide32-750x563.jpg 750w\" sizes=\"auto, (max-width: 960px) 100vw, 960px\" \/><\/figure><\/li><li class=\"blocks-gallery-item\"><figure><img loading=\"lazy\" decoding=\"async\" width=\"960\" height=\"720\" src=\"http:\/\/zskarlino.pl\/wp-content\/uploads\/2021\/02\/Slide33.jpg\" alt=\"\" data-id=\"18012\" data-full-url=\"http:\/\/zskarlino.pl\/wp-content\/uploads\/2021\/02\/Slide33.jpg\" data-link=\"http:\/\/zskarlino.pl\/?attachment_id=18012\" class=\"wp-image-18012\" srcset=\"https:\/\/zskarlino.pl\/wp-content\/uploads\/2021\/02\/Slide33.jpg 960w, https:\/\/zskarlino.pl\/wp-content\/uploads\/2021\/02\/Slide33-300x225.jpg 300w, https:\/\/zskarlino.pl\/wp-content\/uploads\/2021\/02\/Slide33-768x576.jpg 768w, https:\/\/zskarlino.pl\/wp-content\/uploads\/2021\/02\/Slide33-750x563.jpg 750w\" sizes=\"auto, (max-width: 960px) 100vw, 960px\" \/><\/figure><\/li><li class=\"blocks-gallery-item\"><figure><img loading=\"lazy\" decoding=\"async\" width=\"960\" height=\"720\" src=\"http:\/\/zskarlino.pl\/wp-content\/uploads\/2021\/02\/Slide34.jpg\" alt=\"\" data-id=\"18013\" data-full-url=\"http:\/\/zskarlino.pl\/wp-content\/uploads\/2021\/02\/Slide34.jpg\" data-link=\"http:\/\/zskarlino.pl\/?attachment_id=18013\" class=\"wp-image-18013\" srcset=\"https:\/\/zskarlino.pl\/wp-content\/uploads\/2021\/02\/Slide34.jpg 960w, https:\/\/zskarlino.pl\/wp-content\/uploads\/2021\/02\/Slide34-300x225.jpg 300w, https:\/\/zskarlino.pl\/wp-content\/uploads\/2021\/02\/Slide34-768x576.jpg 768w, https:\/\/zskarlino.pl\/wp-content\/uploads\/2021\/02\/Slide34-750x563.jpg 750w\" sizes=\"auto, (max-width: 960px) 100vw, 960px\" \/><\/figure><\/li><li class=\"blocks-gallery-item\"><figure><img loading=\"lazy\" decoding=\"async\" width=\"960\" height=\"720\" src=\"http:\/\/zskarlino.pl\/wp-content\/uploads\/2021\/02\/Slide1.jpg\" alt=\"\" data-id=\"17980\" data-full-url=\"http:\/\/zskarlino.pl\/wp-content\/uploads\/2021\/02\/Slide1.jpg\" data-link=\"http:\/\/zskarlino.pl\/?attachment_id=17980\" class=\"wp-image-17980\" srcset=\"https:\/\/zskarlino.pl\/wp-content\/uploads\/2021\/02\/Slide1.jpg 960w, https:\/\/zskarlino.pl\/wp-content\/uploads\/2021\/02\/Slide1-300x225.jpg 300w, https:\/\/zskarlino.pl\/wp-content\/uploads\/2021\/02\/Slide1-768x576.jpg 768w, https:\/\/zskarlino.pl\/wp-content\/uploads\/2021\/02\/Slide1-750x563.jpg 750w\" sizes=\"auto, (max-width: 960px) 100vw, 960px\" \/><\/figure><\/li><\/ul><\/figure>\n<\/div><\/div>\n\n\n\n<p><\/p>\n","protected":false},"excerpt":{"rendered":"<p>Drodzy Uczniowie, Rodzice, Pracodawcy i Przyjaciele Zespo\u0142u Szk\u00f3\u0142 w Karlinie, Za nami pierwsze p\u00f3\u0142rocze roku szkolnego 2020\/21. Bardzo ci\u0119\u017cki czas pr\u00f3by dla naszych uczni\u00f3w, ale i nas &#8211; pracownik\u00f3w Zespo\u0142u Szk\u00f3\u0142 w Karlinie. Cieszymy si\u0119, \u017ce nie poddajecie si\u0119 i wi\u0119kszo\u015b\u0107 z Was dba o odpowiedni\u0105 postaw\u0119 uczniowsk\u0105, a nasi Nauczyciele oraz Pracownicy Administracji i &hellip; <\/p>\n<p><a class=\"more-link btn\" href=\"https:\/\/zskarlino.pl\/?p=17977\">Czytaj dalej<\/a><\/p>\n","protected":false},"author":8,"featured_media":0,"comment_status":"closed","ping_status":"closed","sticky":false,"template":"","format":"standard","meta":{"footnotes":""},"categories":[3],"tags":[],"class_list":["post-17977","post","type-post","status-publish","format-standard","hentry","category-wydarzenia","item-wrap"],"_links":{"self":[{"href":"https:\/\/zskarlino.pl\/index.php?rest_route=\/wp\/v2\/posts\/17977","targetHints":{"allow":["GET"]}}],"collection":[{"href":"https:\/\/zskarlino.pl\/index.php?rest_route=\/wp\/v2\/posts"}],"about":[{"href":"https:\/\/zskarlino.pl\/index.php?rest_route=\/wp\/v2\/types\/post"}],"author":[{"embeddable":true,"href":"https:\/\/zskarlino.pl\/index.php?rest_route=\/wp\/v2\/users\/8"}],"replies":[{"embeddable":true,"href":"https:\/\/zskarlino.pl\/index.php?rest_route=%2Fwp%2Fv2%2Fcomments&post=17977"}],"version-history":[{"count":3,"href":"https:\/\/zskarlino.pl\/index.php?rest_route=\/wp\/v2\/posts\/17977\/revisions"}],"predecessor-version":[{"id":18016,"href":"https:\/\/zskarlino.pl\/index.php?rest_route=\/wp\/v2\/posts\/17977\/revisions\/18016"}],"wp:attachment":[{"href":"https:\/\/zskarlino.pl\/index.php?rest_route=%2Fwp%2Fv2%2Fmedia&parent=17977"}],"wp:term":[{"taxonomy":"category","embeddable":true,"href":"https:\/\/zskarlino.pl\/index.php?rest_route=%2Fwp%2Fv2%2Fcategories&post=17977"},{"taxonomy":"post_tag","embeddable":true,"href":"https:\/\/zskarlino.pl\/index.php?rest_route=%2Fwp%2Fv2%2Ftags&post=17977"}],"curies":[{"name":"wp","href":"https:\/\/api.w.org\/{rel}","templated":true}]}}