{"id":17934,"date":"2021-01-11T09:00:19","date_gmt":"2021-01-11T08:00:19","guid":{"rendered":"http:\/\/zskarlino.pl\/?p=17934"},"modified":"2021-01-14T11:48:42","modified_gmt":"2021-01-14T10:48:42","slug":"egzamin-zawodowy-12-stycznia-2021r","status":"publish","type":"post","link":"https:\/\/zskarlino.pl\/?p=17934","title":{"rendered":"Egzamin zawodowy 12 &#8211; 16 stycznia 2021r."},"content":{"rendered":"\n<p>Drodzy Uczniowie IV TM!<\/p>\n\n\n\n<p>Rozpoczynamy sesj\u0119 egzamin\u00f3w potwierdzaj\u0105cych kwalifikacje w zawodzie. Ju\u017c jutro (wtorek 12.01.2021r.) egzamin pisemny, a w pi\u0105tek i sobot\u0119 (15 i 16.01.2021r.) odb\u0119d\u0105 si\u0119 egzaminy praktyczne. <br>Przypominam, \u017ce uczniowie zg\u0142aszaj\u0105 si\u0119 30 min przed wyznaczon\u0105 godzin\u0105 swojego egzaminu.<br>Egzamin pisemny odb\u0119dzie si\u0119 z wykorzystaniem elektronicznego systemu przeprowadzenia egzaminu w Pracowni Rysunku Technicznego &#8211; wej\u015bcie od strony boiska przez internat. <br>Egzamin praktyczny (pi\u0105tek-sobota) odb\u0119dzie si\u0119 w Pracowni Mechatronicznej (nr 201) &#8211; wej\u015bcie g\u0142\u00f3wne do szko\u0142y, II pi\u0119tro.<\/p>\n\n\n\n<p>Nie zapomnijcie o:<br>&#8211; dowodzie osobistym,<br>&#8211; czarnym d\u0142ugopisie,<br>&#8211; kalkulatorze prostym,<br>&#8211; maseczce<br>oraz dodatkowo na egzaminie praktycznym o:<br>&#8211; o\u0142\u00f3wku,<br>&#8211; gumce,<br>&#8211; linijce,<br>&#8211; temper\u00f3wce.<\/p>\n\n\n\n<p>W trakcie egzamin\u00f3w nie ma mo\u017cliwo\u015bci przemieszczania si\u0119 po szkole. Dla zdaj\u0105cych egzamin pisemny b\u0119dzie udost\u0119pniona toaleta obok szatni, a w dniach egzaminu praktycznego &#8211; toalety na II pi\u0119trze. <br>Prosz\u0119 stosowa\u0107 si\u0119 do zalece\u0144 pracownik\u00f3w ZS w Karlinie.<\/p>\n\n\n\n<p>Ka\u017cdy zdaj\u0105cy sk\u0142ada o\u015bwiadczenie o swoim stanie zdrowia, kt\u00f3re b\u0119dzie dost\u0119pne przed wej\u015bciem do sali egzaminacyjnej lub mo\u017cna pobra\u0107 je tutaj:<\/p>\n\n\n\n<div class=\"wp-block-file\"><a href=\"http:\/\/zskarlino.pl\/wp-content\/uploads\/2021\/01\/oswiadczenie-egzamin-zawodowy_COVID.pdf\">oswiadczenie-egzamin-zawodowy_COVID<\/a><a href=\"http:\/\/zskarlino.pl\/wp-content\/uploads\/2021\/01\/oswiadczenie-egzamin-zawodowy_COVID.pdf\" class=\"wp-block-file__button\" download>Pobierz<\/a><\/div>\n\n\n\n<p>Szczeg\u00f3\u0142owe procedury bezpiecze\u0144stwa znajduj\u0105 si\u0119 na naszej stronie w sekcji &#8222;egzamin zawodowy&#8221; oraz poni\u017cej:<\/p>\n\n\n\n<div class=\"wp-block-file\"><a href=\"http:\/\/zskarlino.pl\/wp-content\/uploads\/2021\/01\/Procedury-bezpieczenstwa-podczas-egzaminow-zewnetrznych.pdf\">Procedury bezpiecze\u0144stwa podczas egzamin\u00f3w zewn\u0119trznych<\/a><a href=\"http:\/\/zskarlino.pl\/wp-content\/uploads\/2021\/01\/Procedury-bezpieczenstwa-podczas-egzaminow-zewnetrznych.pdf\" class=\"wp-block-file__button\" download>Pobierz<\/a><\/div>\n\n\n\n<p><strong>Jednocze\u015bnie prosz\u0119 pozosta\u0142ych uczni\u00f3w oraz  interesant\u00f3w, aby powstrzyma\u0107 si\u0119 od planowania wizyt w szkole, a zw\u0142aszcza w sekretariacie w dniach egzamin\u00f3w. Dzi\u0119kuj\u0119 za zrozumienie.<\/strong><\/p>\n\n\n\n<figure class=\"wp-block-image size-large\"><img decoding=\"async\" src=\"http:\/\/zskarlino.pl\/wp-content\/uploads\/2020\/05\/Zawodowy-1.jpg\" alt=\"\"\/><\/figure>\n\n\n\n<p><\/p>\n","protected":false},"excerpt":{"rendered":"<p>Drodzy Uczniowie IV TM! Rozpoczynamy sesj\u0119 egzamin\u00f3w potwierdzaj\u0105cych kwalifikacje w zawodzie. Ju\u017c jutro (wtorek 12.01.2021r.) egzamin pisemny, a w pi\u0105tek i sobot\u0119 (15 i 16.01.2021r.) odb\u0119d\u0105 si\u0119 egzaminy praktyczne. Przypominam, \u017ce uczniowie zg\u0142aszaj\u0105 si\u0119 30 min przed wyznaczon\u0105 godzin\u0105 swojego egzaminu.Egzamin pisemny odb\u0119dzie si\u0119 z wykorzystaniem elektronicznego systemu przeprowadzenia egzaminu w Pracowni Rysunku Technicznego &#8211; &hellip; <\/p>\n<p><a class=\"more-link btn\" href=\"https:\/\/zskarlino.pl\/?p=17934\">Czytaj dalej<\/a><\/p>\n","protected":false},"author":8,"featured_media":15840,"comment_status":"closed","ping_status":"closed","sticky":false,"template":"","format":"standard","meta":{"footnotes":""},"categories":[3],"tags":[],"class_list":["post-17934","post","type-post","status-publish","format-standard","has-post-thumbnail","hentry","category-wydarzenia","item-wrap"],"_links":{"self":[{"href":"https:\/\/zskarlino.pl\/index.php?rest_route=\/wp\/v2\/posts\/17934","targetHints":{"allow":["GET"]}}],"collection":[{"href":"https:\/\/zskarlino.pl\/index.php?rest_route=\/wp\/v2\/posts"}],"about":[{"href":"https:\/\/zskarlino.pl\/index.php?rest_route=\/wp\/v2\/types\/post"}],"author":[{"embeddable":true,"href":"https:\/\/zskarlino.pl\/index.php?rest_route=\/wp\/v2\/users\/8"}],"replies":[{"embeddable":true,"href":"https:\/\/zskarlino.pl\/index.php?rest_route=%2Fwp%2Fv2%2Fcomments&post=17934"}],"version-history":[{"count":5,"href":"https:\/\/zskarlino.pl\/index.php?rest_route=\/wp\/v2\/posts\/17934\/revisions"}],"predecessor-version":[{"id":17944,"href":"https:\/\/zskarlino.pl\/index.php?rest_route=\/wp\/v2\/posts\/17934\/revisions\/17944"}],"wp:featuredmedia":[{"embeddable":true,"href":"https:\/\/zskarlino.pl\/index.php?rest_route=\/wp\/v2\/media\/15840"}],"wp:attachment":[{"href":"https:\/\/zskarlino.pl\/index.php?rest_route=%2Fwp%2Fv2%2Fmedia&parent=17934"}],"wp:term":[{"taxonomy":"category","embeddable":true,"href":"https:\/\/zskarlino.pl\/index.php?rest_route=%2Fwp%2Fv2%2Fcategories&post=17934"},{"taxonomy":"post_tag","embeddable":true,"href":"https:\/\/zskarlino.pl\/index.php?rest_route=%2Fwp%2Fv2%2Ftags&post=17934"}],"curies":[{"name":"wp","href":"https:\/\/api.w.org\/{rel}","templated":true}]}}