{"id":17928,"date":"2021-01-04T08:00:09","date_gmt":"2021-01-04T07:00:09","guid":{"rendered":"http:\/\/zskarlino.pl\/?p=17928"},"modified":"2021-01-04T13:23:44","modified_gmt":"2021-01-04T12:23:44","slug":"ferie-zimowe-2021","status":"publish","type":"post","link":"https:\/\/zskarlino.pl\/?p=17928","title":{"rendered":"Ferie zimowe 2021"},"content":{"rendered":"\n<p>W dniach od 04 do 17 stycznia trwaj\u0105 ferie zimowe dla uczni\u00f3w w ca\u0142ej Polsce. <br>Drodzy Uczniowie, pami\u0119tajcie o bezpiecze\u0144stwie i dostosowaniu si\u0119 do aktualnych przepis\u00f3w i wytycznych rz\u0105dowych zwi\u0105zanych z przeciwdzia\u0142aniem negatywnym skutkom pandemii.<\/p>\n\n\n\n<p>Uczniowie BSI zobowi\u0105zani s\u0105 do kontaktu ze swoimi pracodawcami, w celu uzgodnienia sposobu \u015bwiadczenia pracy, lub wykorzystania urlopu wypoczynkowego. <br>Uczniowie &#8211; pracownicy m\u0142odociani, kt\u00f3rzy odbywaj\u0105 praktyk\u0119 zawodow\u0105 w firmie Homanit s\u0105 zwolnieni ze \u015bwiadczenia pracy przez pracodawc\u0119.      <\/p>\n\n\n\n<p>Ministerstwo Edukacji i Nauki rekomenduje, aby w czasie wolnym od nauki uczniowie pozostali w  domach, z uwagi na trosk\u0119 o zdrowie i bezpiecze\u0144stwo swoich bliskich. Jednocze\u015bnie MEiN zach\u0119ca do korzystania z ofert przygotowanych przez swoich partner\u00f3w, aby czas wolny od zaj\u0119\u0107 lekcyjnych by\u0142 inspiruj\u0105cy i ciekawy.<\/p>\n\n\n\n<p>Wi\u0119cej informacji na temat oferty MEiN na stronie internetowej => <a href=\"https:\/\/www.gov.pl\/web\/edukacja-i-nauka\/ferie-2022\" data-type=\"URL\" data-id=\"https:\/\/www.gov.pl\/web\/edukacja-i-nauka\/ferie-2022\" target=\"_blank\" rel=\"noopener\">https:\/\/www.gov.pl\/web\/edukacja-i-nauka\/ferie-2022<\/a> <\/p>\n\n\n\n<p><br><\/p>\n\n\n\n<figure class=\"wp-block-image size-large\"><img loading=\"lazy\" decoding=\"async\" width=\"729\" height=\"308\" src=\"http:\/\/zskarlino.pl\/wp-content\/uploads\/2021\/01\/ferie-MEN.png\" alt=\"\" class=\"wp-image-17929\" srcset=\"https:\/\/zskarlino.pl\/wp-content\/uploads\/2021\/01\/ferie-MEN.png 729w, https:\/\/zskarlino.pl\/wp-content\/uploads\/2021\/01\/ferie-MEN-300x127.png 300w\" sizes=\"auto, (max-width: 729px) 100vw, 729px\" \/><figcaption>Plakat MEiN przedstawiaj\u0105cy termin ferii zimowych w 2021 r.<\/figcaption><\/figure>\n\n\n\n<p> <\/p>\n","protected":false},"excerpt":{"rendered":"<p>W dniach od 04 do 17 stycznia trwaj\u0105 ferie zimowe dla uczni\u00f3w w ca\u0142ej Polsce. Drodzy Uczniowie, pami\u0119tajcie o bezpiecze\u0144stwie i dostosowaniu si\u0119 do aktualnych przepis\u00f3w i wytycznych rz\u0105dowych zwi\u0105zanych z przeciwdzia\u0142aniem negatywnym skutkom pandemii. Uczniowie BSI zobowi\u0105zani s\u0105 do kontaktu ze swoimi pracodawcami, w celu uzgodnienia sposobu \u015bwiadczenia pracy, lub wykorzystania urlopu wypoczynkowego. Uczniowie &hellip; <\/p>\n<p><a class=\"more-link btn\" href=\"https:\/\/zskarlino.pl\/?p=17928\">Czytaj dalej<\/a><\/p>\n","protected":false},"author":8,"featured_media":17929,"comment_status":"closed","ping_status":"closed","sticky":false,"template":"","format":"standard","meta":{"footnotes":""},"categories":[3],"tags":[],"class_list":["post-17928","post","type-post","status-publish","format-standard","has-post-thumbnail","hentry","category-wydarzenia","item-wrap"],"_links":{"self":[{"href":"https:\/\/zskarlino.pl\/index.php?rest_route=\/wp\/v2\/posts\/17928","targetHints":{"allow":["GET"]}}],"collection":[{"href":"https:\/\/zskarlino.pl\/index.php?rest_route=\/wp\/v2\/posts"}],"about":[{"href":"https:\/\/zskarlino.pl\/index.php?rest_route=\/wp\/v2\/types\/post"}],"author":[{"embeddable":true,"href":"https:\/\/zskarlino.pl\/index.php?rest_route=\/wp\/v2\/users\/8"}],"replies":[{"embeddable":true,"href":"https:\/\/zskarlino.pl\/index.php?rest_route=%2Fwp%2Fv2%2Fcomments&post=17928"}],"version-history":[{"count":1,"href":"https:\/\/zskarlino.pl\/index.php?rest_route=\/wp\/v2\/posts\/17928\/revisions"}],"predecessor-version":[{"id":17930,"href":"https:\/\/zskarlino.pl\/index.php?rest_route=\/wp\/v2\/posts\/17928\/revisions\/17930"}],"wp:featuredmedia":[{"embeddable":true,"href":"https:\/\/zskarlino.pl\/index.php?rest_route=\/wp\/v2\/media\/17929"}],"wp:attachment":[{"href":"https:\/\/zskarlino.pl\/index.php?rest_route=%2Fwp%2Fv2%2Fmedia&parent=17928"}],"wp:term":[{"taxonomy":"category","embeddable":true,"href":"https:\/\/zskarlino.pl\/index.php?rest_route=%2Fwp%2Fv2%2Fcategories&post=17928"},{"taxonomy":"post_tag","embeddable":true,"href":"https:\/\/zskarlino.pl\/index.php?rest_route=%2Fwp%2Fv2%2Ftags&post=17928"}],"curies":[{"name":"wp","href":"https:\/\/api.w.org\/{rel}","templated":true}]}}