{"id":17925,"date":"2020-12-31T18:00:28","date_gmt":"2020-12-31T17:00:28","guid":{"rendered":"http:\/\/zskarlino.pl\/?p=17925"},"modified":"2021-01-04T12:50:52","modified_gmt":"2021-01-04T11:50:52","slug":"pomoc-pedagogiczno-psychologiczna-dla-uczniow-rodzicow-i-nauczycieli","status":"publish","type":"post","link":"https:\/\/zskarlino.pl\/?p=17925","title":{"rendered":"Pomoc pedagogiczno-psychologiczna dla uczni\u00f3w, rodzic\u00f3w i nauczycieli"},"content":{"rendered":"\n<p>Ministerstwo Edukacji i Nauki zapewnia, \u017ce w okresie ferii zimowych uczniowie i rodzice mog\u0105 korzysta\u0107 ze wsparcia oferowanego przez poradnie psychologiczno-pedagogiczne. <\/p>\n\n\n\n<p>Mo\u017cna r\u00f3wnie\u017c korzysta\u0107 z bezp\u0142atnej infolinii 800 080 222 z zakresu pomocy psychologiczno-pedagogicznej. Ponadto, jak informuje MEiN, w odpowiedzi na zagro\u017cenia wynikaj\u0105ce ze stanu pandemii, powo\u0142ana zosta\u0142a poradnia on-line \u201eZawsze Jest Jakie\u015b Wyj\u015bcie\u201d, kt\u00f3ra ma rozpocz\u0105\u0107 swoj\u0105 dzia\u0142alno\u015b\u0107 ju\u017c 1 stycznia 2021 r.<\/p>\n\n\n\n<p>Wi\u0119cej informacji na stronie MEiN: <\/p>\n\n\n\n<p><a href=\"https:\/\/www.gov.pl\/web\/edukacja-i-nauka\/pomoc-psychologiczno-pedagogiczna-dla-dzieci-i-mlodziezy-w-okresie-ferii-zimowych\" target=\"_blank\" rel=\"noopener\">https:\/\/www.gov.pl\/web\/edukacja-i-nauka\/pomoc-psychologiczno-pedagogiczna-dla-dzieci-i-mlodziezy-w-okresie-ferii-zimowych<\/a><\/p>\n\n\n\n<figure class=\"wp-block-image size-large\"><img loading=\"lazy\" decoding=\"async\" width=\"729\" height=\"308\" src=\"http:\/\/zskarlino.pl\/wp-content\/uploads\/2021\/01\/ppp_men.png\" alt=\"\" class=\"wp-image-17926\" srcset=\"https:\/\/zskarlino.pl\/wp-content\/uploads\/2021\/01\/ppp_men.png 729w, https:\/\/zskarlino.pl\/wp-content\/uploads\/2021\/01\/ppp_men-300x127.png 300w\" sizes=\"auto, (max-width: 729px) 100vw, 729px\" \/><figcaption>Plakat MEN zach\u0119caj\u0105cy do korzystania z pomocy psychologiczno-pedagogicznej w okresie ferii zimowych<\/figcaption><\/figure>\n","protected":false},"excerpt":{"rendered":"<p>Ministerstwo Edukacji i Nauki zapewnia, \u017ce w okresie ferii zimowych uczniowie i rodzice mog\u0105 korzysta\u0107 ze wsparcia oferowanego przez poradnie psychologiczno-pedagogiczne. Mo\u017cna r\u00f3wnie\u017c korzysta\u0107 z bezp\u0142atnej infolinii 800 080 222 z zakresu pomocy psychologiczno-pedagogicznej. Ponadto, jak informuje MEiN, w odpowiedzi na zagro\u017cenia wynikaj\u0105ce ze stanu pandemii, powo\u0142ana zosta\u0142a poradnia on-line \u201eZawsze Jest Jakie\u015b Wyj\u015bcie\u201d, kt\u00f3ra &hellip; <\/p>\n<p><a class=\"more-link btn\" href=\"https:\/\/zskarlino.pl\/?p=17925\">Czytaj dalej<\/a><\/p>\n","protected":false},"author":8,"featured_media":17926,"comment_status":"closed","ping_status":"closed","sticky":false,"template":"","format":"standard","meta":{"footnotes":""},"categories":[3],"tags":[],"class_list":["post-17925","post","type-post","status-publish","format-standard","has-post-thumbnail","hentry","category-wydarzenia","item-wrap"],"_links":{"self":[{"href":"https:\/\/zskarlino.pl\/index.php?rest_route=\/wp\/v2\/posts\/17925","targetHints":{"allow":["GET"]}}],"collection":[{"href":"https:\/\/zskarlino.pl\/index.php?rest_route=\/wp\/v2\/posts"}],"about":[{"href":"https:\/\/zskarlino.pl\/index.php?rest_route=\/wp\/v2\/types\/post"}],"author":[{"embeddable":true,"href":"https:\/\/zskarlino.pl\/index.php?rest_route=\/wp\/v2\/users\/8"}],"replies":[{"embeddable":true,"href":"https:\/\/zskarlino.pl\/index.php?rest_route=%2Fwp%2Fv2%2Fcomments&post=17925"}],"version-history":[{"count":1,"href":"https:\/\/zskarlino.pl\/index.php?rest_route=\/wp\/v2\/posts\/17925\/revisions"}],"predecessor-version":[{"id":17927,"href":"https:\/\/zskarlino.pl\/index.php?rest_route=\/wp\/v2\/posts\/17925\/revisions\/17927"}],"wp:featuredmedia":[{"embeddable":true,"href":"https:\/\/zskarlino.pl\/index.php?rest_route=\/wp\/v2\/media\/17926"}],"wp:attachment":[{"href":"https:\/\/zskarlino.pl\/index.php?rest_route=%2Fwp%2Fv2%2Fmedia&parent=17925"}],"wp:term":[{"taxonomy":"category","embeddable":true,"href":"https:\/\/zskarlino.pl\/index.php?rest_route=%2Fwp%2Fv2%2Fcategories&post=17925"},{"taxonomy":"post_tag","embeddable":true,"href":"https:\/\/zskarlino.pl\/index.php?rest_route=%2Fwp%2Fv2%2Ftags&post=17925"}],"curies":[{"name":"wp","href":"https:\/\/api.w.org\/{rel}","templated":true}]}}