{"id":17907,"date":"2020-12-28T13:15:46","date_gmt":"2020-12-28T12:15:46","guid":{"rendered":"http:\/\/zskarlino.pl\/?p=17907"},"modified":"2020-12-28T13:15:47","modified_gmt":"2020-12-28T12:15:47","slug":"edukacja-zdalna-nie-musi-byc-trudna-ani-nudna-polsko-niemieckie-warsztaty-edukacyjne","status":"publish","type":"post","link":"https:\/\/zskarlino.pl\/?p=17907","title":{"rendered":"\u201eEDUKACJA ZDALNA NIE MUSI BY\u0106 TRUDNA ANI NUDNA \u2013 POLSKO- NIEMIECKIE WARSZTATY EDUKACYJNE\u201c"},"content":{"rendered":"\n<p>Miko\u0142aj zawita\u0142 pewnie do wielu dom\u00f3w w ostatnim czasie&#8230;u nas te\u017c pojawi\u0142y si\u0119\u00a0wspania\u0142e\u00a0pakunki. Nie s\u0105 to\u00a0jednak\u00a0bo\u017conarodzeniowe prezenty, ale efekt\u00a0realizacji projektu \u201c<strong>Edukacja zdalna nie musi by\u0107 trudna ani nudna \u2013 polsko-niemieckie warsztaty edukacyjne,\u201d<\/strong>\u00a0we wsp\u00f3\u0142pracy z niemieckimi partnerami z\u00a0Wolgast\u00a0i\u00a0Dargun.\u00a0Uzyskane dzi\u0119ki otrzymanemu dofinansowaniu\u00a0urz\u0105dzenia\u00a0ju\u017c wkr\u00f3tce sprawi\u0105, \u017ce uczniowie naszych wszystkich gminnych szk\u00f3\u0142\u00a0b\u0119d\u0105 mogli uczestniczy\u0107\u00a0w\u00a0bezpiecznej i\u00a0jeszcze efektywniejszej edukacji.\u00a0<\/p>\n\n\n\n<p>W Zespole Szk\u00f3\u0142 w Karlinie planujemy utworzenie Mobilnego Studia Graficznego oraz Interaktywnego Centrum Wizualnego, kt\u00f3re<strong>\u00a0opr\u00f3cz realizacji zaplanowanych dzia\u0142a\u0144 \u2013 konferencje, spotkania online, studio wspomagaj\u0105ce produkcj\u0119 materia\u0142\u00f3w audiowizualnych,\u00a0<\/strong>pozwol\u0105\u00a0te\u017c\u00a0na promocj\u0119 zawod\u00f3w przysz\u0142o\u015bci, opartych na technicznym przygotowaniu, cz\u0119\u015bciowo mo\u017cliwym do wykonywania zdalnie, a tak\u017ce dzielenie si\u0119 dobrymi praktykami ze szko\u0142ami uczestnicz\u0105cymi w projekcie.\u00a0Nasza\u00a0aktywno\u015b\u0107\u00a0ma przyczyni\u0107 si\u0119 do promocji naszych region\u00f3w oraz motywacji m\u0142odzie\u017cy i dzieci do nauki j\u0119zyk\u00f3w obcych.\u00a0\u00a0<\/p>\n\n\n\n<p>Liczymy, \u017ce podj\u0119te dzia\u0142ania i&nbsp;zdobyte do\u015bwiadczenia pozytywnie wp\u0142yn\u0105 na efektywno\u015b\u0107 nauczania i uczenia si\u0119, a&nbsp;nawi\u0105zane relacje umo\u017cliwi\u0105&nbsp;dalsz\u0105&nbsp;wsp\u00f3\u0142pracy&nbsp;w przysz\u0142o\u015bci.&nbsp;<\/p>\n\n\n\n<p><em>Projekt jest dofinansowany przez Uni\u0119 Europejsk\u0105 ze \u015brodk\u00f3w Europejskiego Funduszu Rozwoju Regionalnego oraz bud\u017cetu pa\u0144stwa (Fundusz Ma\u0142ych Projekt\u00f3w w ramach Programu Wsp\u00f3\u0142pracy\u00a0Interreg\u00a0V A Meklemburgia-Pomorze Przednie \/ Brandenburgia \/ Polska w Euroregionie Pomerania)\u201d w\u202framach naboru specjalnego COVID-19 w ramach Funduszu Ma\u0142ych Projekt\u00f3w \u201eWalka z pandemi\u0105 COVID-19 i jej konsekwencjami w\u202fEuroregionie Pomerania\u201d w ramach \u201eFunduszu Ma\u0142ych Projekt\u00f3w Komunikacja- Integracja-Wsp\u00f3\u0142praca\u201d wsp\u00f3\u0142finansowanego z Programu Wsp\u00f3\u0142pracy\u00a0Interreg\u00a0VA Meklemburgia \u2013Pomorze Przednie\/Brandenburgia\/Polska.<\/em><\/p>\n\n\n\n<figure class=\"wp-block-gallery columns-3 is-cropped wp-block-gallery-1 is-layout-flex wp-block-gallery-is-layout-flex\"><ul class=\"blocks-gallery-grid\"><li class=\"blocks-gallery-item\"><figure><img loading=\"lazy\" decoding=\"async\" width=\"1024\" height=\"768\" src=\"http:\/\/zskarlino.pl\/wp-content\/uploads\/2020\/12\/IMG_0801-1024x768.jpg\" alt=\"\" data-id=\"17908\" class=\"wp-image-17908\" srcset=\"https:\/\/zskarlino.pl\/wp-content\/uploads\/2020\/12\/IMG_0801-1024x768.jpg 1024w, https:\/\/zskarlino.pl\/wp-content\/uploads\/2020\/12\/IMG_0801-300x225.jpg 300w, https:\/\/zskarlino.pl\/wp-content\/uploads\/2020\/12\/IMG_0801-768x576.jpg 768w, https:\/\/zskarlino.pl\/wp-content\/uploads\/2020\/12\/IMG_0801-1536x1152.jpg 1536w, https:\/\/zskarlino.pl\/wp-content\/uploads\/2020\/12\/IMG_0801-2048x1536.jpg 2048w, https:\/\/zskarlino.pl\/wp-content\/uploads\/2020\/12\/IMG_0801-750x563.jpg 750w\" sizes=\"auto, (max-width: 1024px) 100vw, 1024px\" \/><\/figure><\/li><li class=\"blocks-gallery-item\"><figure><img loading=\"lazy\" decoding=\"async\" width=\"1024\" height=\"768\" src=\"http:\/\/zskarlino.pl\/wp-content\/uploads\/2020\/12\/IMG_0805-1-1024x768.jpg\" alt=\"\" data-id=\"17915\" data-link=\"http:\/\/zskarlino.pl\/?attachment_id=17915\" class=\"wp-image-17915\" srcset=\"https:\/\/zskarlino.pl\/wp-content\/uploads\/2020\/12\/IMG_0805-1-1024x768.jpg 1024w, https:\/\/zskarlino.pl\/wp-content\/uploads\/2020\/12\/IMG_0805-1-300x225.jpg 300w, https:\/\/zskarlino.pl\/wp-content\/uploads\/2020\/12\/IMG_0805-1-768x576.jpg 768w, https:\/\/zskarlino.pl\/wp-content\/uploads\/2020\/12\/IMG_0805-1-1536x1152.jpg 1536w, https:\/\/zskarlino.pl\/wp-content\/uploads\/2020\/12\/IMG_0805-1-2048x1536.jpg 2048w, https:\/\/zskarlino.pl\/wp-content\/uploads\/2020\/12\/IMG_0805-1-750x563.jpg 750w\" sizes=\"auto, (max-width: 1024px) 100vw, 1024px\" \/><\/figure><\/li><li class=\"blocks-gallery-item\"><figure><img loading=\"lazy\" decoding=\"async\" width=\"1024\" height=\"768\" src=\"http:\/\/zskarlino.pl\/wp-content\/uploads\/2020\/12\/IMG_0790-1024x768.jpg\" alt=\"\" data-id=\"17916\" data-link=\"http:\/\/zskarlino.pl\/?attachment_id=17916\" class=\"wp-image-17916\" srcset=\"https:\/\/zskarlino.pl\/wp-content\/uploads\/2020\/12\/IMG_0790-1024x768.jpg 1024w, https:\/\/zskarlino.pl\/wp-content\/uploads\/2020\/12\/IMG_0790-300x225.jpg 300w, https:\/\/zskarlino.pl\/wp-content\/uploads\/2020\/12\/IMG_0790-768x576.jpg 768w, https:\/\/zskarlino.pl\/wp-content\/uploads\/2020\/12\/IMG_0790-1536x1152.jpg 1536w, https:\/\/zskarlino.pl\/wp-content\/uploads\/2020\/12\/IMG_0790-2048x1536.jpg 2048w, https:\/\/zskarlino.pl\/wp-content\/uploads\/2020\/12\/IMG_0790-750x563.jpg 750w\" sizes=\"auto, (max-width: 1024px) 100vw, 1024px\" \/><\/figure><\/li><li class=\"blocks-gallery-item\"><figure><img loading=\"lazy\" decoding=\"async\" width=\"1024\" height=\"768\" src=\"http:\/\/zskarlino.pl\/wp-content\/uploads\/2020\/12\/IMG_0799-2-1024x768.jpg\" alt=\"\" data-id=\"17917\" data-link=\"http:\/\/zskarlino.pl\/?attachment_id=17917\" class=\"wp-image-17917\" srcset=\"https:\/\/zskarlino.pl\/wp-content\/uploads\/2020\/12\/IMG_0799-2-1024x768.jpg 1024w, https:\/\/zskarlino.pl\/wp-content\/uploads\/2020\/12\/IMG_0799-2-300x225.jpg 300w, https:\/\/zskarlino.pl\/wp-content\/uploads\/2020\/12\/IMG_0799-2-768x576.jpg 768w, https:\/\/zskarlino.pl\/wp-content\/uploads\/2020\/12\/IMG_0799-2-1536x1152.jpg 1536w, https:\/\/zskarlino.pl\/wp-content\/uploads\/2020\/12\/IMG_0799-2-2048x1536.jpg 2048w, https:\/\/zskarlino.pl\/wp-content\/uploads\/2020\/12\/IMG_0799-2-750x563.jpg 750w\" sizes=\"auto, (max-width: 1024px) 100vw, 1024px\" \/><\/figure><\/li><li class=\"blocks-gallery-item\"><figure><img loading=\"lazy\" decoding=\"async\" width=\"1024\" height=\"768\" src=\"http:\/\/zskarlino.pl\/wp-content\/uploads\/2020\/12\/IMG_0797-1024x768.jpg\" alt=\"\" data-id=\"17918\" data-link=\"http:\/\/zskarlino.pl\/?attachment_id=17918\" class=\"wp-image-17918\" srcset=\"https:\/\/zskarlino.pl\/wp-content\/uploads\/2020\/12\/IMG_0797-1024x768.jpg 1024w, https:\/\/zskarlino.pl\/wp-content\/uploads\/2020\/12\/IMG_0797-300x225.jpg 300w, https:\/\/zskarlino.pl\/wp-content\/uploads\/2020\/12\/IMG_0797-768x576.jpg 768w, https:\/\/zskarlino.pl\/wp-content\/uploads\/2020\/12\/IMG_0797-1536x1152.jpg 1536w, https:\/\/zskarlino.pl\/wp-content\/uploads\/2020\/12\/IMG_0797-2048x1536.jpg 2048w, https:\/\/zskarlino.pl\/wp-content\/uploads\/2020\/12\/IMG_0797-750x563.jpg 750w\" sizes=\"auto, (max-width: 1024px) 100vw, 1024px\" \/><\/figure><\/li><li class=\"blocks-gallery-item\"><figure><img loading=\"lazy\" decoding=\"async\" width=\"768\" height=\"1024\" src=\"http:\/\/zskarlino.pl\/wp-content\/uploads\/2020\/12\/IMG_0796-1-768x1024.jpg\" alt=\"\" data-id=\"17919\" data-full-url=\"http:\/\/zskarlino.pl\/wp-content\/uploads\/2020\/12\/IMG_0796-1-scaled.jpg\" data-link=\"http:\/\/zskarlino.pl\/?attachment_id=17919\" class=\"wp-image-17919\" srcset=\"https:\/\/zskarlino.pl\/wp-content\/uploads\/2020\/12\/IMG_0796-1-768x1024.jpg 768w, https:\/\/zskarlino.pl\/wp-content\/uploads\/2020\/12\/IMG_0796-1-225x300.jpg 225w, https:\/\/zskarlino.pl\/wp-content\/uploads\/2020\/12\/IMG_0796-1-1152x1536.jpg 1152w, https:\/\/zskarlino.pl\/wp-content\/uploads\/2020\/12\/IMG_0796-1-1536x2048.jpg 1536w, https:\/\/zskarlino.pl\/wp-content\/uploads\/2020\/12\/IMG_0796-1-750x1000.jpg 750w, https:\/\/zskarlino.pl\/wp-content\/uploads\/2020\/12\/IMG_0796-1-scaled.jpg 1920w\" sizes=\"auto, (max-width: 768px) 100vw, 768px\" \/><\/figure><\/li><\/ul><figcaption class=\"blocks-gallery-caption\">Zdj\u0119cia przedstawiaj\u0105 cz\u0119\u015b\u0107 zakupionych przedmiot\u00f3w, w tym m.in. monitory interaktywne, tablety, ozonatory, kamery, s\u0142uchawki, itd.<\/figcaption><\/figure>\n\n\n\n<div class=\"wp-block-group is-layout-flow wp-block-group-is-layout-flow\"><div class=\"wp-block-group__inner-container\"><\/div><\/div>\n","protected":false},"excerpt":{"rendered":"<p>Miko\u0142aj zawita\u0142 pewnie do wielu dom\u00f3w w ostatnim czasie&#8230;u nas te\u017c pojawi\u0142y si\u0119\u00a0wspania\u0142e\u00a0pakunki. Nie s\u0105 to\u00a0jednak\u00a0bo\u017conarodzeniowe prezenty, ale efekt\u00a0realizacji projektu \u201cEdukacja zdalna nie musi by\u0107 trudna ani nudna \u2013 polsko-niemieckie warsztaty edukacyjne,\u201d\u00a0we wsp\u00f3\u0142pracy z niemieckimi partnerami z\u00a0Wolgast\u00a0i\u00a0Dargun.\u00a0Uzyskane dzi\u0119ki otrzymanemu dofinansowaniu\u00a0urz\u0105dzenia\u00a0ju\u017c wkr\u00f3tce sprawi\u0105, \u017ce uczniowie naszych wszystkich gminnych szk\u00f3\u0142\u00a0b\u0119d\u0105 mogli uczestniczy\u0107\u00a0w\u00a0bezpiecznej i\u00a0jeszcze efektywniejszej edukacji.\u00a0 W Zespole &hellip; <\/p>\n<p><a class=\"more-link btn\" href=\"https:\/\/zskarlino.pl\/?p=17907\">Czytaj dalej<\/a><\/p>\n","protected":false},"author":8,"featured_media":0,"comment_status":"closed","ping_status":"closed","sticky":false,"template":"","format":"standard","meta":{"footnotes":""},"categories":[3],"tags":[],"class_list":["post-17907","post","type-post","status-publish","format-standard","hentry","category-wydarzenia","item-wrap"],"_links":{"self":[{"href":"https:\/\/zskarlino.pl\/index.php?rest_route=\/wp\/v2\/posts\/17907","targetHints":{"allow":["GET"]}}],"collection":[{"href":"https:\/\/zskarlino.pl\/index.php?rest_route=\/wp\/v2\/posts"}],"about":[{"href":"https:\/\/zskarlino.pl\/index.php?rest_route=\/wp\/v2\/types\/post"}],"author":[{"embeddable":true,"href":"https:\/\/zskarlino.pl\/index.php?rest_route=\/wp\/v2\/users\/8"}],"replies":[{"embeddable":true,"href":"https:\/\/zskarlino.pl\/index.php?rest_route=%2Fwp%2Fv2%2Fcomments&post=17907"}],"version-history":[{"count":2,"href":"https:\/\/zskarlino.pl\/index.php?rest_route=\/wp\/v2\/posts\/17907\/revisions"}],"predecessor-version":[{"id":17920,"href":"https:\/\/zskarlino.pl\/index.php?rest_route=\/wp\/v2\/posts\/17907\/revisions\/17920"}],"wp:attachment":[{"href":"https:\/\/zskarlino.pl\/index.php?rest_route=%2Fwp%2Fv2%2Fmedia&parent=17907"}],"wp:term":[{"taxonomy":"category","embeddable":true,"href":"https:\/\/zskarlino.pl\/index.php?rest_route=%2Fwp%2Fv2%2Fcategories&post=17907"},{"taxonomy":"post_tag","embeddable":true,"href":"https:\/\/zskarlino.pl\/index.php?rest_route=%2Fwp%2Fv2%2Ftags&post=17907"}],"curies":[{"name":"wp","href":"https:\/\/api.w.org\/{rel}","templated":true}]}}