{"id":17903,"date":"2020-12-18T20:10:00","date_gmt":"2020-12-18T19:10:00","guid":{"rendered":"http:\/\/zskarlino.pl\/?p=17903"},"modified":"2020-12-21T23:16:40","modified_gmt":"2020-12-21T22:16:40","slug":"erasmus-online-quarantine-lifestyle-with-technology","status":"publish","type":"post","link":"https:\/\/zskarlino.pl\/?p=17903","title":{"rendered":"ERASMUS+ ONLINE: \u201eQuarantine Lifestyle with Technology\u201d"},"content":{"rendered":"\n<p>Grupa uczni\u00f3w uczestnicz\u0105cych w projekcie \u201eTwo Faces of Technology. Isolation and Opportunities\u201d przez ostatnie przenios\u0142a swoj\u0105 aktywno\u015b\u0107 do sieci. By\u0142y to niezwykle pracowite dla nich dni, gdy\u017c pod kierunkiem pani Renaty Piszak-Walczykowskiej realizowali, jako zadanie projektowe, film pod tytu\u0142em: \u201eQuarantine Lifestyle with Technology.\u201d<\/p>\n\n\n\n<p>&nbsp;Efektami ich pracy mogli\u015bmy pochwali\u0107 si\u0119 na kolejnym naszym mi\u0119dzynarodowym spotkaniu projektowym. 11 grudnia 2020r. w godzinach p\u00f3\u017ano popo\u0142udniowych spotkali\u015bmy si\u0119 na jednej z platform i mieli\u015bmy okazj\u0119 uczestniczy\u0107 we wsp\u00f3lnej projekcji. Reprezentanci wszystkich kraj\u00f3w partnerskich przygotowali kr\u00f3tkie filmy i monta\u017ce, pokazuj\u0105ce jak m\u0142odzie\u017c radzi sobie z narzuconymi obostrzeniami i izolacj\u0105, a tak\u017ce w jaki spos\u00f3b technologia towarzyszy im na co dzie\u0144. Dzi\u0119ki dyskusji, kt\u00f3ra nast\u0105pi\u0142a po projekcji, mogli\u015bmy pozna\u0107 problemy, z jakimi borykali si\u0119 tw\u00f3rcy.<\/p>\n\n\n\n<p>Nauczyciele podzielili si\u0119 informacjami na temat aktualnej sytuacji w krajach partnerskich, a tak\u017ce wymienili do\u015bwiadczeniami z zakresu nauczania zdalnego i hybrydowego.<\/p>\n\n\n\n<p>Niezwykle warto\u015bciowe spotkanie, kt\u00f3re kolejny raz ukaza\u0142o \u015bwietne umiej\u0119tno\u015bci m\u0142odzie\u017cy \u2013 zar\u00f3wno technologiczne, jak i j\u0119zykowe. Je\u017celi jeste\u015bcie ciekawi efekt\u00f3w zapraszamy na stron\u0119 internetow\u0105 naszego projektu oraz nasze profile spo\u0142eczno\u015bciowe!<\/p>\n\n\n\n<figure class=\"wp-block-image size-large\"><img loading=\"lazy\" decoding=\"async\" width=\"1024\" height=\"518\" src=\"http:\/\/zskarlino.pl\/wp-content\/uploads\/2020\/12\/meeting-11.12.2020_2-1024x518.png\" alt=\"\" class=\"wp-image-17904\" srcset=\"https:\/\/zskarlino.pl\/wp-content\/uploads\/2020\/12\/meeting-11.12.2020_2-1024x518.png 1024w, https:\/\/zskarlino.pl\/wp-content\/uploads\/2020\/12\/meeting-11.12.2020_2-300x152.png 300w, https:\/\/zskarlino.pl\/wp-content\/uploads\/2020\/12\/meeting-11.12.2020_2-768x388.png 768w, https:\/\/zskarlino.pl\/wp-content\/uploads\/2020\/12\/meeting-11.12.2020_2-750x379.png 750w, https:\/\/zskarlino.pl\/wp-content\/uploads\/2020\/12\/meeting-11.12.2020_2.png 1098w\" sizes=\"auto, (max-width: 1024px) 100vw, 1024px\" \/><figcaption>Ilustracja przedstawia wizerunki uczestnik\u00f3w spotkania online w ramach projektu podczas prezentacji film\u00f3w<\/figcaption><\/figure>\n\n\n\n<figure class=\"wp-block-image size-large\"><img loading=\"lazy\" decoding=\"async\" width=\"1024\" height=\"485\" src=\"http:\/\/zskarlino.pl\/wp-content\/uploads\/2020\/12\/meeting-11.12.2020_3-1024x485.png\" alt=\"\" class=\"wp-image-17905\" srcset=\"https:\/\/zskarlino.pl\/wp-content\/uploads\/2020\/12\/meeting-11.12.2020_3-1024x485.png 1024w, https:\/\/zskarlino.pl\/wp-content\/uploads\/2020\/12\/meeting-11.12.2020_3-300x142.png 300w, https:\/\/zskarlino.pl\/wp-content\/uploads\/2020\/12\/meeting-11.12.2020_3-768x364.png 768w, https:\/\/zskarlino.pl\/wp-content\/uploads\/2020\/12\/meeting-11.12.2020_3-750x356.png 750w, https:\/\/zskarlino.pl\/wp-content\/uploads\/2020\/12\/meeting-11.12.2020_3.png 1097w\" sizes=\"auto, (max-width: 1024px) 100vw, 1024px\" \/><figcaption>Ilustracja przedstawia uczestnik\u00f3w spotkania online podczas prezentacji film\u00f3w<\/figcaption><\/figure>\n","protected":false},"excerpt":{"rendered":"<p>Grupa uczni\u00f3w uczestnicz\u0105cych w projekcie \u201eTwo Faces of Technology. Isolation and Opportunities\u201d przez ostatnie przenios\u0142a swoj\u0105 aktywno\u015b\u0107 do sieci. By\u0142y to niezwykle pracowite dla nich dni, gdy\u017c pod kierunkiem pani Renaty Piszak-Walczykowskiej realizowali, jako zadanie projektowe, film pod tytu\u0142em: \u201eQuarantine Lifestyle with Technology.\u201d &nbsp;Efektami ich pracy mogli\u015bmy pochwali\u0107 si\u0119 na kolejnym naszym mi\u0119dzynarodowym spotkaniu projektowym. &hellip; <\/p>\n<p><a class=\"more-link btn\" href=\"https:\/\/zskarlino.pl\/?p=17903\">Czytaj dalej<\/a><\/p>\n","protected":false},"author":8,"featured_media":17142,"comment_status":"closed","ping_status":"closed","sticky":false,"template":"","format":"standard","meta":{"footnotes":""},"categories":[3],"tags":[],"class_list":["post-17903","post","type-post","status-publish","format-standard","has-post-thumbnail","hentry","category-wydarzenia","item-wrap"],"_links":{"self":[{"href":"https:\/\/zskarlino.pl\/index.php?rest_route=\/wp\/v2\/posts\/17903","targetHints":{"allow":["GET"]}}],"collection":[{"href":"https:\/\/zskarlino.pl\/index.php?rest_route=\/wp\/v2\/posts"}],"about":[{"href":"https:\/\/zskarlino.pl\/index.php?rest_route=\/wp\/v2\/types\/post"}],"author":[{"embeddable":true,"href":"https:\/\/zskarlino.pl\/index.php?rest_route=\/wp\/v2\/users\/8"}],"replies":[{"embeddable":true,"href":"https:\/\/zskarlino.pl\/index.php?rest_route=%2Fwp%2Fv2%2Fcomments&post=17903"}],"version-history":[{"count":1,"href":"https:\/\/zskarlino.pl\/index.php?rest_route=\/wp\/v2\/posts\/17903\/revisions"}],"predecessor-version":[{"id":17906,"href":"https:\/\/zskarlino.pl\/index.php?rest_route=\/wp\/v2\/posts\/17903\/revisions\/17906"}],"wp:featuredmedia":[{"embeddable":true,"href":"https:\/\/zskarlino.pl\/index.php?rest_route=\/wp\/v2\/media\/17142"}],"wp:attachment":[{"href":"https:\/\/zskarlino.pl\/index.php?rest_route=%2Fwp%2Fv2%2Fmedia&parent=17903"}],"wp:term":[{"taxonomy":"category","embeddable":true,"href":"https:\/\/zskarlino.pl\/index.php?rest_route=%2Fwp%2Fv2%2Fcategories&post=17903"},{"taxonomy":"post_tag","embeddable":true,"href":"https:\/\/zskarlino.pl\/index.php?rest_route=%2Fwp%2Fv2%2Ftags&post=17903"}],"curies":[{"name":"wp","href":"https:\/\/api.w.org\/{rel}","templated":true}]}}