{"id":17862,"date":"2020-11-25T17:30:29","date_gmt":"2020-11-25T16:30:29","guid":{"rendered":"http:\/\/zskarlino.pl\/?p=17862"},"modified":"2020-11-26T00:28:44","modified_gmt":"2020-11-25T23:28:44","slug":"informacja-na-temat-zmian-w-funkcjonowaniu-zespolu-szkol-w-karlinie-branzowej-szkoly-i-stopnia","status":"publish","type":"post","link":"https:\/\/zskarlino.pl\/?p=17862","title":{"rendered":"Informacja na temat zmian w funkcjonowaniu Zespo\u0142u Szk\u00f3\u0142 w Karlinie-Bran\u017cowej Szko\u0142y I stopnia"},"content":{"rendered":"\n<p>Drodzy Uczniowie, Rodzice i Pracodawcy,<\/p>\n\n\n\n<p>Decyzj\u0105 Ministra Edukacji i Nauki od najbli\u017cszego poniedzia\u0142ku 30 listopada 2020 roku uczniowie naszej Bran\u017cowej Szko\u0142y I stopnia, b\u0119d\u0105cy m\u0142odocianymi pracownikami, wracaj\u0105 na praktyki do swoich pracodawc\u00f3w. W rozporz\u0105dzeniu, kt\u00f3re podpisane zosta\u0142o w dniu 24.11.2020 roku,  zawarte jest zastrze\u017cenie, \u017ce u pracodawcy nie mog\u0105 wyst\u0119powa\u0107 zdarzenia, kt\u00f3re ze wzgl\u0119du na aktualn\u0105 sytuacj\u0119 epidemiologiczn\u0105 mog\u0142yby zagrozi\u0107 zdrowiu m\u0142odocianych pracownik\u00f3w. <\/p>\n\n\n\n<p>Zach\u0119cam do kontaktu z pracodawcami, w celu ustalenia warunk\u00f3w powrotu na praktyki i zobowi\u0105zuj\u0119 do zastosowania si\u0119 do zalece\u0144 pracodawc\u00f3w. Niezale\u017cnie od powy\u017cszego przypominam o konieczno\u015bci stosowania si\u0119 do zasad re\u017cimu sanitarnego i do\u0142o\u017cenia nale\u017cytej staranno\u015bci i troski o zdrowie swoje i najbli\u017cszych.<\/p>\n\n\n\n<p>Jednocze\u015bnie przypominam, \u017ce powr\u00f3t na praktyki nie dotyczy dni nauki szkolnej, podczas kt\u00f3rych uczniowie uczestnicz\u0105 w nauczaniu zdalnym. Uczniowie przebywaj\u0105cy na turnusach kszta\u0142cenia zawodowego teoretycznego odbywaj\u0105 nauk\u0119 za pomoc\u0105 technik kszta\u0142cenia na odleg\u0142o\u015b\u0107.  <\/p>\n\n\n\n<p>Inne zmiany wprowadzone ww. rozporz\u0105dzeniem dotycz\u0105 przed\u0142u\u017cenia nauki zdalnej dla wszystkich uczni\u00f3w do 03 stycznia 2021 roku oraz m.in. mo\u017cliwo\u015bci prowadzenia zaj\u0119\u0107 praktycznych na terenie szko\u0142y dla uczni\u00f3w technikum, o ile warunki panuj\u0105ce w szkole na to pozwalaj\u0105 i nie ma mo\u017cliwo\u015bci prowadzenia kszta\u0142cenia zawodowego za pomoc\u0105 narz\u0119dzi kszta\u0142cenia na odleg\u0142o\u015b\u0107. W chwili obecnej w szkole odbywaj\u0105 si\u0119 zaj\u0119cia praktyczne dla uczni\u00f3w klasy IV technikum. Pozosta\u0142ych uczni\u00f3w prosz\u0119 o cierpliwo\u015b\u0107. Na t\u0105 chwil\u0119 zosta\u0142y ustalone z nauczycielami przedmiot\u00f3w kszta\u0142cenia praktycznego tre\u015bci, kt\u00f3re s\u0105 mo\u017cliwe do realizowania za pomoc\u0105 technik kszta\u0142cenia na odleg\u0142o\u015b\u0107. W momencie gdy sytuacja w regionie i szkole na tyle si\u0119 ustabilizuje, \u017ce b\u0119dziemy mogli zapewni\u0107 Wam bezpieczne warunki pracy stacjonarnej zostaniecie o tym poinformowani.<\/p>\n\n\n\n<p>\u017bycz\u0119 du\u017co zdrowia i przypominam o zaleceniu, aby do minimum ograniczy\u0107 kontakty pozaszkolne i zawodowe do niezb\u0119dnego minimum, w celu ograniczenia ryzyka rozprzestrzeniania si\u0119 wirusa.<\/p>\n\n\n\n<p>#Zosta\u0144WDomu <\/p>\n\n\n\n<p class=\"has-text-align-right\">Justyna Syga<br>Dyrektor Zespo\u0142u Szk\u00f3\u0142 w Karlinie<\/p>\n\n\n\n<p>Wi\u0119cej informacji na stronie Ministerstwa Edukacji i Nauki: https:\/\/www.gov.pl\/web\/edukacja\/nauka-zdalna-w-szkolach-przedluzona-do-3-stycznia-2021-r<\/p>\n\n\n\n<figure class=\"wp-block-image size-large\"><img loading=\"lazy\" decoding=\"async\" width=\"729\" height=\"308\" src=\"http:\/\/zskarlino.pl\/wp-content\/uploads\/2020\/11\/nauka-zdalna-do-03stycznia_MEN.png\" alt=\"\" class=\"wp-image-17863\" srcset=\"https:\/\/zskarlino.pl\/wp-content\/uploads\/2020\/11\/nauka-zdalna-do-03stycznia_MEN.png 729w, https:\/\/zskarlino.pl\/wp-content\/uploads\/2020\/11\/nauka-zdalna-do-03stycznia_MEN-300x127.png 300w\" sizes=\"auto, (max-width: 729px) 100vw, 729px\" \/><figcaption>Ilustracja przedstawia grafik\u0119 MEN dotycz\u0105c\u0105 przed\u0142u\u017cenia nauki zdalnej do 03.stycznia 2021.<\/figcaption><\/figure>\n","protected":false},"excerpt":{"rendered":"<p>Drodzy Uczniowie, Rodzice i Pracodawcy, Decyzj\u0105 Ministra Edukacji i Nauki od najbli\u017cszego poniedzia\u0142ku 30 listopada 2020 roku uczniowie naszej Bran\u017cowej Szko\u0142y I stopnia, b\u0119d\u0105cy m\u0142odocianymi pracownikami, wracaj\u0105 na praktyki do swoich pracodawc\u00f3w. W rozporz\u0105dzeniu, kt\u00f3re podpisane zosta\u0142o w dniu 24.11.2020 roku, zawarte jest zastrze\u017cenie, \u017ce u pracodawcy nie mog\u0105 wyst\u0119powa\u0107 zdarzenia, kt\u00f3re ze wzgl\u0119du na &hellip; <\/p>\n<p><a class=\"more-link btn\" href=\"https:\/\/zskarlino.pl\/?p=17862\">Czytaj dalej<\/a><\/p>\n","protected":false},"author":8,"featured_media":17863,"comment_status":"closed","ping_status":"closed","sticky":false,"template":"","format":"standard","meta":{"footnotes":""},"categories":[3],"tags":[],"class_list":["post-17862","post","type-post","status-publish","format-standard","has-post-thumbnail","hentry","category-wydarzenia","item-wrap"],"_links":{"self":[{"href":"https:\/\/zskarlino.pl\/index.php?rest_route=\/wp\/v2\/posts\/17862","targetHints":{"allow":["GET"]}}],"collection":[{"href":"https:\/\/zskarlino.pl\/index.php?rest_route=\/wp\/v2\/posts"}],"about":[{"href":"https:\/\/zskarlino.pl\/index.php?rest_route=\/wp\/v2\/types\/post"}],"author":[{"embeddable":true,"href":"https:\/\/zskarlino.pl\/index.php?rest_route=\/wp\/v2\/users\/8"}],"replies":[{"embeddable":true,"href":"https:\/\/zskarlino.pl\/index.php?rest_route=%2Fwp%2Fv2%2Fcomments&post=17862"}],"version-history":[{"count":4,"href":"https:\/\/zskarlino.pl\/index.php?rest_route=\/wp\/v2\/posts\/17862\/revisions"}],"predecessor-version":[{"id":17867,"href":"https:\/\/zskarlino.pl\/index.php?rest_route=\/wp\/v2\/posts\/17862\/revisions\/17867"}],"wp:featuredmedia":[{"embeddable":true,"href":"https:\/\/zskarlino.pl\/index.php?rest_route=\/wp\/v2\/media\/17863"}],"wp:attachment":[{"href":"https:\/\/zskarlino.pl\/index.php?rest_route=%2Fwp%2Fv2%2Fmedia&parent=17862"}],"wp:term":[{"taxonomy":"category","embeddable":true,"href":"https:\/\/zskarlino.pl\/index.php?rest_route=%2Fwp%2Fv2%2Fcategories&post=17862"},{"taxonomy":"post_tag","embeddable":true,"href":"https:\/\/zskarlino.pl\/index.php?rest_route=%2Fwp%2Fv2%2Ftags&post=17862"}],"curies":[{"name":"wp","href":"https:\/\/api.w.org\/{rel}","templated":true}]}}