{"id":17799,"date":"2020-11-10T08:00:00","date_gmt":"2020-11-10T07:00:00","guid":{"rendered":"http:\/\/zskarlino.pl\/?p=17799"},"modified":"2020-11-10T10:42:43","modified_gmt":"2020-11-10T09:42:43","slug":"kartka-z-kalendarza-historii-polski-11-listopada","status":"publish","type":"post","link":"https:\/\/zskarlino.pl\/?p=17799","title":{"rendered":"Kartka z kalendarza historii Polski \u2013 11 listopada\u2026"},"content":{"rendered":"\n<p>Mottem obchodzonego co roku \u015awi\u0119ta Niepodleg\u0142o\u015bci \u2013 powinno by\u0107 zdanie wypowiedziane przez marsza\u0142ka J\u00f3zefa Pi\u0142sudskiego: <em>\u201eNar\u00f3d, kt\u00f3ry nie szanuje swej przesz\u0142o\u015bci, nie zas\u0142uguje na szacunek tera\u017aniejszo\u015bci i nie ma prawa do przysz\u0142o\u015bci\u201d. <\/em>Zdanie to, cho\u0107 wypowiedziane wiele lat temu, nie straci\u0142o i nie powinno nigdy straci\u0107 na warto\u015bci, poniewa\u017c ka\u017cdy z nas jest winny swoim przodkom pami\u0119\u0107, a ojczy\u017anie mi\u0142o\u015b\u0107. Zmienne koleje losu naszej ojczyzny i jej tragiczne dzieje, kt\u00f3re doprowadzi\u0142y do zniewolenia naszego kraju, zapocz\u0105tkowa\u0142y walk\u0119 o Polsko\u015b\u0107 i Polsk\u0119. O to, &#8222;\u017ceby Polska by\u0142a Polsk\u0105&#8221; przez 123 lata niewoli walczy\u0142y ca\u0142e pokolenia naszych dziad\u00f3w i pradziad\u00f3w, zar\u00f3wno w trakcie zabor\u00f3w, jak i na frontach I wojny \u015bwiatowej. To im od 11 listopada 1918 r. zawdzi\u0119czamy wolno\u015b\u0107, poczucie dumy narodowej, mo\u017cliwo\u015b\u0107 piel\u0119gnowa\u00adnia polskich tradycji oraz honorowania bohater\u00f3w. Dzi\u015b ojczyzna oczekuje od nas tego, co naj\u00adwa\u017cniejsze &#8211; pami\u0119ci o jej wielkich synach i mi\u0142o\u015bci do ziemi ojczystej i dlatego te\u017c co roku przypominamy sobie histori\u0119 naszego kraju oraz s\u0142owa naszego hymnu narodowego, kt\u00f3ry wsp\u00f3lnie \u015bpiewamy w tym dniu.<\/p>\n\n\n\n<figure class=\"wp-block-embed-youtube wp-block-embed is-type-video is-provider-youtube wp-embed-aspect-16-9 wp-has-aspect-ratio\"><div class=\"wp-block-embed__wrapper\">\n<iframe loading=\"lazy\" title=\"Kartka z kalendarza historii Polski \u2013 11 listopada\u2026\" width=\"750\" height=\"422\" src=\"https:\/\/www.youtube.com\/embed\/nexmU31S6e8?feature=oembed\" frameborder=\"0\" allow=\"accelerometer; autoplay; clipboard-write; encrypted-media; gyroscope; picture-in-picture\" allowfullscreen><\/iframe>\n<\/div><\/figure>\n\n\n\n<p class=\"has-text-align-right\"><em>RPW<\/em><\/p>\n","protected":false},"excerpt":{"rendered":"<p>Mottem obchodzonego co roku \u015awi\u0119ta Niepodleg\u0142o\u015bci \u2013 powinno by\u0107 zdanie wypowiedziane przez marsza\u0142ka J\u00f3zefa Pi\u0142sudskiego: \u201eNar\u00f3d, kt\u00f3ry nie szanuje swej przesz\u0142o\u015bci, nie zas\u0142uguje na szacunek tera\u017aniejszo\u015bci i nie ma prawa do przysz\u0142o\u015bci\u201d. Zdanie to, cho\u0107 wypowiedziane wiele lat temu, nie straci\u0142o i nie powinno nigdy straci\u0107 na warto\u015bci, poniewa\u017c ka\u017cdy z nas jest winny swoim &hellip; <\/p>\n<p><a class=\"more-link btn\" href=\"https:\/\/zskarlino.pl\/?p=17799\">Czytaj dalej<\/a><\/p>\n","protected":false},"author":6,"featured_media":0,"comment_status":"closed","ping_status":"closed","sticky":false,"template":"","format":"standard","meta":{"footnotes":""},"categories":[3],"tags":[],"class_list":["post-17799","post","type-post","status-publish","format-standard","hentry","category-wydarzenia","item-wrap"],"_links":{"self":[{"href":"https:\/\/zskarlino.pl\/index.php?rest_route=\/wp\/v2\/posts\/17799","targetHints":{"allow":["GET"]}}],"collection":[{"href":"https:\/\/zskarlino.pl\/index.php?rest_route=\/wp\/v2\/posts"}],"about":[{"href":"https:\/\/zskarlino.pl\/index.php?rest_route=\/wp\/v2\/types\/post"}],"author":[{"embeddable":true,"href":"https:\/\/zskarlino.pl\/index.php?rest_route=\/wp\/v2\/users\/6"}],"replies":[{"embeddable":true,"href":"https:\/\/zskarlino.pl\/index.php?rest_route=%2Fwp%2Fv2%2Fcomments&post=17799"}],"version-history":[{"count":1,"href":"https:\/\/zskarlino.pl\/index.php?rest_route=\/wp\/v2\/posts\/17799\/revisions"}],"predecessor-version":[{"id":17800,"href":"https:\/\/zskarlino.pl\/index.php?rest_route=\/wp\/v2\/posts\/17799\/revisions\/17800"}],"wp:attachment":[{"href":"https:\/\/zskarlino.pl\/index.php?rest_route=%2Fwp%2Fv2%2Fmedia&parent=17799"}],"wp:term":[{"taxonomy":"category","embeddable":true,"href":"https:\/\/zskarlino.pl\/index.php?rest_route=%2Fwp%2Fv2%2Fcategories&post=17799"},{"taxonomy":"post_tag","embeddable":true,"href":"https:\/\/zskarlino.pl\/index.php?rest_route=%2Fwp%2Fv2%2Ftags&post=17799"}],"curies":[{"name":"wp","href":"https:\/\/api.w.org\/{rel}","templated":true}]}}