{"id":17778,"date":"2020-10-26T15:38:35","date_gmt":"2020-10-26T14:38:35","guid":{"rendered":"http:\/\/zskarlino.pl\/?p=17778"},"modified":"2020-11-12T20:24:24","modified_gmt":"2020-11-12T19:24:24","slug":"spotkania-z-rodzicami-online","status":"publish","type":"post","link":"https:\/\/zskarlino.pl\/?p=17778","title":{"rendered":"SPOTKANIA Z RODZICAMI &#8211; ONLINE"},"content":{"rendered":"\n<p>Drodzy Rodzice!<\/p>\n\n\n\n<p>W zwi\u0105zku z ograniczeniem funkcjonowania szko\u0142y jeste\u015bmy zmuszeni zmieni\u0107 wcze\u015bniej zaplanowan\u0105 formu\u0142\u0119 zebrania. Niestety tym razem nie mo\u017cemy spotka\u0107 si\u0119 z Wami w szkole. Proponujemy skorzystanie z platformy MICROSOFT TEAMS, za pomoc\u0105 dost\u0119p\u00f3w uczni\u00f3w.<\/p>\n\n\n\n<p>We wtorek 27.10.2020 r. w godz. 16.30 \u2013 18.00 odb\u0119dzie si\u0119 zebranie ONLINE dla wszystkich klas opr\u00f3cz II BSIb<\/p>\n\n\n\n<p>Od 16.30 \u2013 spotkania z wychowawcami<\/p>\n\n\n\n<p>Od 17.00 \u2013 18.00 \u2013 dost\u0119pni b\u0119d\u0105 pozostali nauczyciele ucz\u0105cy w ka\u017cdej klasie<\/p>\n\n\n\n<p>Spotkanie z wychowawc\u0105 kl. II BSIb odb\u0119dzie si\u0119 r\u00f3wnie\u017c online, w innym terminie &#8211; o kt\u00f3rym poinformuje sam wychowawca.<\/p>\n\n\n\n<p>W zwi\u0105zku z niekorzystnym rozwojem sytuacji, rekomenduj\u0119 kontakt ze szko\u0142\u0105 za pomoc\u0105 narz\u0119dzi na odleg\u0142o\u015b\u0107 \u2013 telefoniczny, mailowy lub za po\u015brednictwem dziennika elektronicznego. <\/p>\n\n\n\n<p>Za utrudnienia przepraszamy i liczymy, \u017ce kolejne spotkanie odb\u0119dzie si\u0119 ju\u017c w tradycyjnej formule.<\/p>\n\n\n\n<p>Justyna Syga<\/p>\n","protected":false},"excerpt":{"rendered":"<p>Drodzy Rodzice! W zwi\u0105zku z ograniczeniem funkcjonowania szko\u0142y jeste\u015bmy zmuszeni zmieni\u0107 wcze\u015bniej zaplanowan\u0105 formu\u0142\u0119 zebrania. Niestety tym razem nie mo\u017cemy spotka\u0107 si\u0119 z Wami w szkole. Proponujemy skorzystanie z platformy MICROSOFT TEAMS, za pomoc\u0105 dost\u0119p\u00f3w uczni\u00f3w. We wtorek 27.10.2020 r. w godz. 16.30 \u2013 18.00 odb\u0119dzie si\u0119 zebranie ONLINE dla wszystkich klas opr\u00f3cz II BSIb &hellip; <\/p>\n<p><a class=\"more-link btn\" href=\"https:\/\/zskarlino.pl\/?p=17778\">Czytaj dalej<\/a><\/p>\n","protected":false},"author":8,"featured_media":17492,"comment_status":"closed","ping_status":"closed","sticky":false,"template":"","format":"standard","meta":{"footnotes":""},"categories":[3],"tags":[],"class_list":["post-17778","post","type-post","status-publish","format-standard","has-post-thumbnail","hentry","category-wydarzenia","item-wrap"],"_links":{"self":[{"href":"https:\/\/zskarlino.pl\/index.php?rest_route=\/wp\/v2\/posts\/17778","targetHints":{"allow":["GET"]}}],"collection":[{"href":"https:\/\/zskarlino.pl\/index.php?rest_route=\/wp\/v2\/posts"}],"about":[{"href":"https:\/\/zskarlino.pl\/index.php?rest_route=\/wp\/v2\/types\/post"}],"author":[{"embeddable":true,"href":"https:\/\/zskarlino.pl\/index.php?rest_route=\/wp\/v2\/users\/8"}],"replies":[{"embeddable":true,"href":"https:\/\/zskarlino.pl\/index.php?rest_route=%2Fwp%2Fv2%2Fcomments&post=17778"}],"version-history":[{"count":2,"href":"https:\/\/zskarlino.pl\/index.php?rest_route=\/wp\/v2\/posts\/17778\/revisions"}],"predecessor-version":[{"id":17812,"href":"https:\/\/zskarlino.pl\/index.php?rest_route=\/wp\/v2\/posts\/17778\/revisions\/17812"}],"wp:featuredmedia":[{"embeddable":true,"href":"https:\/\/zskarlino.pl\/index.php?rest_route=\/wp\/v2\/media\/17492"}],"wp:attachment":[{"href":"https:\/\/zskarlino.pl\/index.php?rest_route=%2Fwp%2Fv2%2Fmedia&parent=17778"}],"wp:term":[{"taxonomy":"category","embeddable":true,"href":"https:\/\/zskarlino.pl\/index.php?rest_route=%2Fwp%2Fv2%2Fcategories&post=17778"},{"taxonomy":"post_tag","embeddable":true,"href":"https:\/\/zskarlino.pl\/index.php?rest_route=%2Fwp%2Fv2%2Ftags&post=17778"}],"curies":[{"name":"wp","href":"https:\/\/api.w.org\/{rel}","templated":true}]}}