{"id":17775,"date":"2020-10-23T22:15:09","date_gmt":"2020-10-23T20:15:09","guid":{"rendered":"http:\/\/zskarlino.pl\/?p=17775"},"modified":"2020-10-23T22:15:10","modified_gmt":"2020-10-23T20:15:10","slug":"informacja-dyrektora-zespolu-szkol-dot-organizacji-nauki-od-26-10-2020-r","status":"publish","type":"post","link":"https:\/\/zskarlino.pl\/?p=17775","title":{"rendered":"Informacja Dyrektora Zespo\u0142u Szk\u00f3\u0142 dot. organizacji nauki od 26.10.2020 r."},"content":{"rendered":"\n<p>Drodzy Uczniowie, Rodzice i Pracodawcy,<\/p>\n\n\n\n<p>Dzisiejsze Rozporz\u0105dzenie Ministra Edukacji i Nauki wprowadza na nas obowi\u0105zek przej\u015bcia na kszta\u0142cenie zdalne w zakresie wszystkich przedmiot\u00f3w w Technikum i BSI. Przez najbli\u017csze dwa tygodnie, czyli do 08.11.2020 r. wszystkie zaj\u0119cia b\u0119d\u0105 odbywa\u0142y si\u0119 za po\u015brednictwem platformy Microsoft Teams.<\/p>\n\n\n\n<p>Prosz\u0119 by\u0107 w sta\u0142ym kontakcie z wychowawcami, \u015bledzi\u0107 nasz\u0105 stron\u0119 internetow\u0105 i informacje przekazywane za pomoc\u0105 dziennika elektronicznego.<\/p>\n\n\n\n<p>Uczniowie BSI (m\u0142odociani pracownicy) s\u0105 zwolnieni z obowi\u0105zku\u00a0\u015bwiadczenia pracy na mocy art. 15f specustawy z dnia 2 marca 2020 r. o szczeg\u00f3lnych rozwi\u0105zaniach zwi\u0105zanych z COVID-19.<\/p>\n\n\n\n<p>\u017byczymy du\u017co zdrowia i wytrwa\u0142o\u015bci w pokonywaniu niedogodno\u015bci zdalnej nauki. Wierzymy, \u017ce wkr\u00f3tce si\u0119 spotkamy. <\/p>\n\n\n\n<p>Tymczasem dbajcie o siebie i swoich najbli\u017cszych i zosta\u0144cie w domach!<\/p>\n\n\n\n<p class=\"has-text-align-right\">Justyna Syga<\/p>\n\n\n\n<p>Wi\u0119cej informacji na stronie Ministerstwa Edukacji i Nauki &#8211; link poni\u017cej<\/p>\n\n\n\n<p><a href=\"https:\/\/www.gov.pl\/web\/edukacja\/zawieszamy-na-dwa-tygodnie-zajecia-stacjonarne\" target=\"_blank\" rel=\"noopener\">https:\/\/www.gov.pl\/web\/edukacja\/zawieszamy-na-dwa-tygodnie-zajecia-stacjonarne<\/a><\/p>\n\n\n\n<figure class=\"wp-block-image size-large\"><img loading=\"lazy\" decoding=\"async\" width=\"700\" height=\"295\" src=\"http:\/\/zskarlino.pl\/wp-content\/uploads\/2020\/10\/mein_zdalna.png\" alt=\"\" class=\"wp-image-17776\" srcset=\"https:\/\/zskarlino.pl\/wp-content\/uploads\/2020\/10\/mein_zdalna.png 700w, https:\/\/zskarlino.pl\/wp-content\/uploads\/2020\/10\/mein_zdalna-300x126.png 300w\" sizes=\"auto, (max-width: 700px) 100vw, 700px\" \/><\/figure>\n","protected":false},"excerpt":{"rendered":"<p>Drodzy Uczniowie, Rodzice i Pracodawcy, Dzisiejsze Rozporz\u0105dzenie Ministra Edukacji i Nauki wprowadza na nas obowi\u0105zek przej\u015bcia na kszta\u0142cenie zdalne w zakresie wszystkich przedmiot\u00f3w w Technikum i BSI. Przez najbli\u017csze dwa tygodnie, czyli do 08.11.2020 r. wszystkie zaj\u0119cia b\u0119d\u0105 odbywa\u0142y si\u0119 za po\u015brednictwem platformy Microsoft Teams. Prosz\u0119 by\u0107 w sta\u0142ym kontakcie z wychowawcami, \u015bledzi\u0107 nasz\u0105 stron\u0119 &hellip; <\/p>\n<p><a class=\"more-link btn\" href=\"https:\/\/zskarlino.pl\/?p=17775\">Czytaj dalej<\/a><\/p>\n","protected":false},"author":8,"featured_media":17776,"comment_status":"closed","ping_status":"closed","sticky":false,"template":"","format":"standard","meta":{"footnotes":""},"categories":[3],"tags":[],"class_list":["post-17775","post","type-post","status-publish","format-standard","has-post-thumbnail","hentry","category-wydarzenia","item-wrap"],"_links":{"self":[{"href":"https:\/\/zskarlino.pl\/index.php?rest_route=\/wp\/v2\/posts\/17775","targetHints":{"allow":["GET"]}}],"collection":[{"href":"https:\/\/zskarlino.pl\/index.php?rest_route=\/wp\/v2\/posts"}],"about":[{"href":"https:\/\/zskarlino.pl\/index.php?rest_route=\/wp\/v2\/types\/post"}],"author":[{"embeddable":true,"href":"https:\/\/zskarlino.pl\/index.php?rest_route=\/wp\/v2\/users\/8"}],"replies":[{"embeddable":true,"href":"https:\/\/zskarlino.pl\/index.php?rest_route=%2Fwp%2Fv2%2Fcomments&post=17775"}],"version-history":[{"count":1,"href":"https:\/\/zskarlino.pl\/index.php?rest_route=\/wp\/v2\/posts\/17775\/revisions"}],"predecessor-version":[{"id":17777,"href":"https:\/\/zskarlino.pl\/index.php?rest_route=\/wp\/v2\/posts\/17775\/revisions\/17777"}],"wp:featuredmedia":[{"embeddable":true,"href":"https:\/\/zskarlino.pl\/index.php?rest_route=\/wp\/v2\/media\/17776"}],"wp:attachment":[{"href":"https:\/\/zskarlino.pl\/index.php?rest_route=%2Fwp%2Fv2%2Fmedia&parent=17775"}],"wp:term":[{"taxonomy":"category","embeddable":true,"href":"https:\/\/zskarlino.pl\/index.php?rest_route=%2Fwp%2Fv2%2Fcategories&post=17775"},{"taxonomy":"post_tag","embeddable":true,"href":"https:\/\/zskarlino.pl\/index.php?rest_route=%2Fwp%2Fv2%2Ftags&post=17775"}],"curies":[{"name":"wp","href":"https:\/\/api.w.org\/{rel}","templated":true}]}}