{"id":17745,"date":"2020-10-19T08:45:00","date_gmt":"2020-10-19T06:45:00","guid":{"rendered":"http:\/\/zskarlino.pl\/?p=17745"},"modified":"2020-10-18T23:38:15","modified_gmt":"2020-10-18T21:38:15","slug":"konkurs-rozstrzygniety","status":"publish","type":"post","link":"https:\/\/zskarlino.pl\/?p=17745","title":{"rendered":"Konkurs rozstrzygni\u0119ty!"},"content":{"rendered":"\n<figure class=\"wp-block-image size-large\"><img loading=\"lazy\" decoding=\"async\" width=\"940\" height=\"788\" src=\"http:\/\/zskarlino.pl\/wp-content\/uploads\/2020\/10\/1.png\" alt=\"\" class=\"wp-image-17746\" srcset=\"https:\/\/zskarlino.pl\/wp-content\/uploads\/2020\/10\/1.png 940w, https:\/\/zskarlino.pl\/wp-content\/uploads\/2020\/10\/1-300x251.png 300w, https:\/\/zskarlino.pl\/wp-content\/uploads\/2020\/10\/1-768x644.png 768w\" sizes=\"auto, (max-width: 940px) 100vw, 940px\" \/><\/figure>\n\n\n\n<p>Lubimy organizowa\u0107 dla Was konkursy! Naprawd\u0119!<\/p>\n\n\n\n<p>Konkurs na projekt najoryginalniejszej maseczki by\u0142 \u015bwietn\u0105 zabaw\u0105 dla Was i dla nas! Zawsze wiedzieli\u015bmy, \u017ce nasi uczniowie s\u0105 kreatywni, a mimo to ka\u017cdy dow\u00f3d owych zdolno\u015bci tw\u00f3rczych jest dla nas bardzo cenny!<\/p>\n\n\n\n<p><strong>Zwyci\u0119zcy konkursu to:<\/strong><br><strong>I miejsce \u2013 Damian Grodzki<\/strong><br><strong>II miejsce \u2013 Hubert Studzi\u0144ski<\/strong><br><strong>III miejsce \u2013 Ivan Makhynenko<\/strong><\/p>\n\n\n\n<figure class=\"wp-block-gallery columns-3 is-cropped wp-block-gallery-1 is-layout-flex wp-block-gallery-is-layout-flex\"><ul class=\"blocks-gallery-grid\"><li class=\"blocks-gallery-item\"><figure><img loading=\"lazy\" decoding=\"async\" width=\"940\" height=\"788\" src=\"http:\/\/zskarlino.pl\/wp-content\/uploads\/2020\/10\/2.png\" alt=\"\" data-id=\"17747\" data-full-url=\"http:\/\/zskarlino.pl\/wp-content\/uploads\/2020\/10\/2.png\" data-link=\"http:\/\/zskarlino.pl\/?attachment_id=17747\" class=\"wp-image-17747\" srcset=\"https:\/\/zskarlino.pl\/wp-content\/uploads\/2020\/10\/2.png 940w, https:\/\/zskarlino.pl\/wp-content\/uploads\/2020\/10\/2-300x251.png 300w, https:\/\/zskarlino.pl\/wp-content\/uploads\/2020\/10\/2-768x644.png 768w\" sizes=\"auto, (max-width: 940px) 100vw, 940px\" \/><\/figure><\/li><li class=\"blocks-gallery-item\"><figure><img loading=\"lazy\" decoding=\"async\" width=\"940\" height=\"788\" src=\"http:\/\/zskarlino.pl\/wp-content\/uploads\/2020\/10\/3.png\" alt=\"\" data-id=\"17748\" data-full-url=\"http:\/\/zskarlino.pl\/wp-content\/uploads\/2020\/10\/3.png\" data-link=\"http:\/\/zskarlino.pl\/?attachment_id=17748\" class=\"wp-image-17748\" srcset=\"https:\/\/zskarlino.pl\/wp-content\/uploads\/2020\/10\/3.png 940w, https:\/\/zskarlino.pl\/wp-content\/uploads\/2020\/10\/3-300x251.png 300w, https:\/\/zskarlino.pl\/wp-content\/uploads\/2020\/10\/3-768x644.png 768w\" sizes=\"auto, (max-width: 940px) 100vw, 940px\" \/><\/figure><\/li><li class=\"blocks-gallery-item\"><figure><img loading=\"lazy\" decoding=\"async\" width=\"940\" height=\"788\" src=\"http:\/\/zskarlino.pl\/wp-content\/uploads\/2020\/10\/4.png\" alt=\"\" data-id=\"17749\" data-full-url=\"http:\/\/zskarlino.pl\/wp-content\/uploads\/2020\/10\/4.png\" data-link=\"http:\/\/zskarlino.pl\/?attachment_id=17749\" class=\"wp-image-17749\" srcset=\"https:\/\/zskarlino.pl\/wp-content\/uploads\/2020\/10\/4.png 940w, https:\/\/zskarlino.pl\/wp-content\/uploads\/2020\/10\/4-300x251.png 300w, https:\/\/zskarlino.pl\/wp-content\/uploads\/2020\/10\/4-768x644.png 768w\" sizes=\"auto, (max-width: 940px) 100vw, 940px\" \/><\/figure><\/li><li class=\"blocks-gallery-item\"><figure><img loading=\"lazy\" decoding=\"async\" width=\"940\" height=\"788\" src=\"http:\/\/zskarlino.pl\/wp-content\/uploads\/2020\/10\/5.png\" alt=\"\" data-id=\"17750\" data-full-url=\"http:\/\/zskarlino.pl\/wp-content\/uploads\/2020\/10\/5.png\" data-link=\"http:\/\/zskarlino.pl\/?attachment_id=17750\" class=\"wp-image-17750\" srcset=\"https:\/\/zskarlino.pl\/wp-content\/uploads\/2020\/10\/5.png 940w, https:\/\/zskarlino.pl\/wp-content\/uploads\/2020\/10\/5-300x251.png 300w, https:\/\/zskarlino.pl\/wp-content\/uploads\/2020\/10\/5-768x644.png 768w\" sizes=\"auto, (max-width: 940px) 100vw, 940px\" \/><\/figure><\/li><\/ul><\/figure>\n\n\n\n<p>Gratulujemy! I zapraszamy po odbi\u00f3r nagr\u00f3d do pana Miros\u0142awa Spolskiego!<\/p>\n\n\n\n<p><\/p>\n","protected":false},"excerpt":{"rendered":"<p>Lubimy organizowa\u0107 dla Was konkursy! Naprawd\u0119! Konkurs na projekt najoryginalniejszej maseczki by\u0142 \u015bwietn\u0105 zabaw\u0105 dla Was i dla nas! Zawsze wiedzieli\u015bmy, \u017ce nasi uczniowie s\u0105 kreatywni, a mimo to ka\u017cdy dow\u00f3d owych zdolno\u015bci tw\u00f3rczych jest dla nas bardzo cenny! Zwyci\u0119zcy konkursu to:I miejsce \u2013 Damian GrodzkiII miejsce \u2013 Hubert Studzi\u0144skiIII miejsce \u2013 Ivan Makhynenko Gratulujemy! &hellip; <\/p>\n<p><a class=\"more-link btn\" href=\"https:\/\/zskarlino.pl\/?p=17745\">Czytaj dalej<\/a><\/p>\n","protected":false},"author":6,"featured_media":0,"comment_status":"closed","ping_status":"closed","sticky":false,"template":"","format":"standard","meta":{"footnotes":""},"categories":[3],"tags":[],"class_list":["post-17745","post","type-post","status-publish","format-standard","hentry","category-wydarzenia","item-wrap"],"_links":{"self":[{"href":"https:\/\/zskarlino.pl\/index.php?rest_route=\/wp\/v2\/posts\/17745","targetHints":{"allow":["GET"]}}],"collection":[{"href":"https:\/\/zskarlino.pl\/index.php?rest_route=\/wp\/v2\/posts"}],"about":[{"href":"https:\/\/zskarlino.pl\/index.php?rest_route=\/wp\/v2\/types\/post"}],"author":[{"embeddable":true,"href":"https:\/\/zskarlino.pl\/index.php?rest_route=\/wp\/v2\/users\/6"}],"replies":[{"embeddable":true,"href":"https:\/\/zskarlino.pl\/index.php?rest_route=%2Fwp%2Fv2%2Fcomments&post=17745"}],"version-history":[{"count":1,"href":"https:\/\/zskarlino.pl\/index.php?rest_route=\/wp\/v2\/posts\/17745\/revisions"}],"predecessor-version":[{"id":17751,"href":"https:\/\/zskarlino.pl\/index.php?rest_route=\/wp\/v2\/posts\/17745\/revisions\/17751"}],"wp:attachment":[{"href":"https:\/\/zskarlino.pl\/index.php?rest_route=%2Fwp%2Fv2%2Fmedia&parent=17745"}],"wp:term":[{"taxonomy":"category","embeddable":true,"href":"https:\/\/zskarlino.pl\/index.php?rest_route=%2Fwp%2Fv2%2Fcategories&post=17745"},{"taxonomy":"post_tag","embeddable":true,"href":"https:\/\/zskarlino.pl\/index.php?rest_route=%2Fwp%2Fv2%2Ftags&post=17745"}],"curies":[{"name":"wp","href":"https:\/\/api.w.org\/{rel}","templated":true}]}}