{"id":17742,"date":"2020-10-16T08:00:00","date_gmt":"2020-10-16T06:00:00","guid":{"rendered":"http:\/\/zskarlino.pl\/?p=17742"},"modified":"2021-05-24T14:18:53","modified_gmt":"2021-05-24T12:18:53","slug":"na-zakonczenie-dni-erasmusa","status":"publish","type":"post","link":"https:\/\/zskarlino.pl\/?p=17742","title":{"rendered":"Na zako\u0144czenie Dni Erasmusa\u2026"},"content":{"rendered":"\n<p>Za nami wystawa naszych prac i prezentacja podsumowuj\u0105ca pierwszy rok ca\u0142ego projektu Erasmus + , zatytu\u0142owanego \u201eTwo faces of technology. Isolation and opportunities\u201d. Czas na kr\u00f3tkie filmiki z zaj\u0119\u0107, podczas kt\u00f3rych uczyli\u015bmy si\u0119 korzysta\u0107 z takich nowinek technologicznych jak najnowsze aplikacje i programy komputerowe, gilotyna, laminator i dron \u2013 czyli sprz\u0119t u\u017cywany w pracy grafika komputerowego, a tak\u017ce silniki, mikrosilniki, si\u0142owniki, enkodery, przek\u0142adnie itp. systemy i urz\u0105dzenia wykorzystywane w pracy mechatronika. Zapraszamy do obejrzenia:<\/p>\n\n\n\n<figure class=\"wp-block-embed is-type-video is-provider-youtube\"><div class=\"wp-block-embed__wrapper\">\n <iframe loading=\"lazy\" title=\"Erasmus&#039;days in ZS Karlino\" width=\"750\" height=\"563\" src=\"https:\/\/www.youtube.com\/embed\/9vmeL40cwXE?feature=oembed\" frameborder=\"0\" allow=\"accelerometer; autoplay; clipboard-write; encrypted-media; gyroscope; picture-in-picture\" allowfullscreen><\/iframe>\n<\/div><\/figure>\n\n\n\n<p class=\"has-text-align-right\"><em>RPW<\/em><\/p>\n","protected":false},"excerpt":{"rendered":"<p>Za nami wystawa naszych prac i prezentacja podsumowuj\u0105ca pierwszy rok ca\u0142ego projektu Erasmus + , zatytu\u0142owanego \u201eTwo faces of technology. Isolation and opportunities\u201d. Czas na kr\u00f3tkie filmiki z zaj\u0119\u0107, podczas kt\u00f3rych uczyli\u015bmy si\u0119 korzysta\u0107 z takich nowinek technologicznych jak najnowsze aplikacje i programy komputerowe, gilotyna, laminator i dron \u2013 czyli sprz\u0119t u\u017cywany w pracy grafika &hellip; <\/p>\n<p><a class=\"more-link btn\" href=\"https:\/\/zskarlino.pl\/?p=17742\">Czytaj dalej<\/a><\/p>\n","protected":false},"author":6,"featured_media":0,"comment_status":"closed","ping_status":"closed","sticky":false,"template":"","format":"standard","meta":{"footnotes":""},"categories":[3],"tags":[],"class_list":["post-17742","post","type-post","status-publish","format-standard","hentry","category-wydarzenia","item-wrap"],"_links":{"self":[{"href":"https:\/\/zskarlino.pl\/index.php?rest_route=\/wp\/v2\/posts\/17742","targetHints":{"allow":["GET"]}}],"collection":[{"href":"https:\/\/zskarlino.pl\/index.php?rest_route=\/wp\/v2\/posts"}],"about":[{"href":"https:\/\/zskarlino.pl\/index.php?rest_route=\/wp\/v2\/types\/post"}],"author":[{"embeddable":true,"href":"https:\/\/zskarlino.pl\/index.php?rest_route=\/wp\/v2\/users\/6"}],"replies":[{"embeddable":true,"href":"https:\/\/zskarlino.pl\/index.php?rest_route=%2Fwp%2Fv2%2Fcomments&post=17742"}],"version-history":[{"count":2,"href":"https:\/\/zskarlino.pl\/index.php?rest_route=\/wp\/v2\/posts\/17742\/revisions"}],"predecessor-version":[{"id":18357,"href":"https:\/\/zskarlino.pl\/index.php?rest_route=\/wp\/v2\/posts\/17742\/revisions\/18357"}],"wp:attachment":[{"href":"https:\/\/zskarlino.pl\/index.php?rest_route=%2Fwp%2Fv2%2Fmedia&parent=17742"}],"wp:term":[{"taxonomy":"category","embeddable":true,"href":"https:\/\/zskarlino.pl\/index.php?rest_route=%2Fwp%2Fv2%2Fcategories&post=17742"},{"taxonomy":"post_tag","embeddable":true,"href":"https:\/\/zskarlino.pl\/index.php?rest_route=%2Fwp%2Fv2%2Ftags&post=17742"}],"curies":[{"name":"wp","href":"https:\/\/api.w.org\/{rel}","templated":true}]}}