{"id":17736,"date":"2020-10-16T15:29:00","date_gmt":"2020-10-16T13:29:00","guid":{"rendered":"http:\/\/zskarlino.pl\/?p=17736"},"modified":"2020-11-12T20:26:15","modified_gmt":"2020-11-12T19:26:15","slug":"informacja-dyrektora-zespolu-szkol-w-karlinie-dotyczaca-funkcjonowania-szkoly-od-19-10-2020-r","status":"publish","type":"post","link":"https:\/\/zskarlino.pl\/?p=17736","title":{"rendered":"Informacja Dyrektora Zespo\u0142u Szk\u00f3\u0142 w Karlinie dotycz\u0105ca funkcjonowania szko\u0142y od 19.10.2020 r."},"content":{"rendered":"\n<p>Drodzy Uczniowie, Rodzice i Pracodawcy,<\/p>\n\n\n\n<p>W zwi\u0105zku z obowi\u0105zkiem wprowadzenia kszta\u0142cenia w trybie mieszanym w szko\u0142ach ponadpodstawowych znajduj\u0105cych si\u0119 w tzw. &#8222;strefie \u017c\u00f3\u0142tej&#8221;, w porozumieniu z organem prowadz\u0105cym \u2013 Burmistrzem Karlina oraz nauczycielami ucz\u0105cymi w szkole, od poniedzia\u0142ku, 19 pa\u017adziernika 2020 r., szko\u0142a b\u0119dzie funkcjonowa\u0107 na zasadach okre\u015blonych w Zarz\u0105dzeniu nr 2\/2020\/2021 Dyrektora Zespo\u0142u Szk\u00f3\u0142 w Karlinie.<\/p>\n\n\n\n<p><strong>Od dnia 19 pa\u017adziernika 2020r. do odwo\u0142ania wprowadzam tryb mieszany (hybrydowy) w plac\u00f3wce.<\/strong><\/p>\n\n\n\n<p>Uczniowie Technikum uczestnicz\u0105 we wszystkich <span class=\"has-inline-color has-vivid-green-cyan-color\">zaj\u0119ciach na terenie szko\u0142y<\/span>, zgodnie z dotychczas obowi\u0105zuj\u0105cym planem. W szkole nadal obowi\u0105zuje re\u017cim sanitarny m.in.  zalecenie zas\u0142aniania ust i nosa w cz\u0119\u015bciach wsp\u00f3lnych, dezynfekcja r\u0105k, zasada dystansu spo\u0142ecznego.<\/p>\n\n\n\n<p>Uczniowie Bran\u017cowej Szko\u0142y I stopnia przechodz\u0105 na <span class=\"has-inline-color has-vivid-green-cyan-color\">tryb zdalny nauki \u2013 lekcje online<\/span> na platformie Microsoft Teams,  zgodnie z dotychczasowym planem. W zwi\u0105zku z zaleceniem MEN lekcje mog\u0105 by\u0107 skr\u00f3cone do 30 min. Jednocze\u015bnie uczniowie BSI, jako pracownicy m\u0142odociani, <span class=\"has-inline-color has-vivid-red-color\"><u>praktyczn\u0105 nauk\u0119 zawodu realizuj\u0105 zgodnie z przyj\u0119tym planem w zak\u0142adach pracy<\/u>.<\/span><\/p>\n\n\n\n<p>Internat funkcjonuje na dotychczasowych zasadach.<\/p>\n\n\n\n<p>Prosz\u0119 \u015bledzi\u0107 komunikaty i zarz\u0105dzenia na naszej stronie internetowej, pozostawa\u0107 w kontakcie z wychowawcami i nauczycielami w ustalonych formach. W przypadku w\u0105tpliwo\u015bci, czy problem\u00f3w, a tak\u017ce w sprawach technicznych i sprz\u0119towych \u2013 jeste\u015bmy do waszej dyspozycji.<\/p>\n\n\n\n<p>\u017byczymy zdrowia i odporno\u015bci! Liczymy, \u017ce to tylko przej\u015bciowe obostrzenia. Pami\u0119tajcie o przestrzeganiu obowi\u0105zuj\u0105cych teraz ogranicze\u0144, nakaz\u00f3w i&nbsp;zakaz\u00f3w, unikajcie niepotrzebnych&nbsp;spotka\u0144 grupowych.<\/p>\n\n\n\n<p><strong>Pozdrawiam<\/strong><br><strong>Justyna Syga<\/strong><\/p>\n\n\n\n<figure class=\"wp-block-image size-large\"><img loading=\"lazy\" decoding=\"async\" width=\"729\" height=\"308\" src=\"http:\/\/zskarlino.pl\/wp-content\/uploads\/2020\/10\/men_19.10.2020.png\" alt=\"\" class=\"wp-image-17737\" srcset=\"https:\/\/zskarlino.pl\/wp-content\/uploads\/2020\/10\/men_19.10.2020.png 729w, https:\/\/zskarlino.pl\/wp-content\/uploads\/2020\/10\/men_19.10.2020-300x127.png 300w\" sizes=\"auto, (max-width: 729px) 100vw, 729px\" \/><figcaption>Wi\u0119cej informacji na stronie Ministerstwa Edukacji Narodowej: <br><a rel=\"noreferrer noopener\" href=\"https:\/\/www.gov.pl\/web\/edukacja\/nauka-zdalna-i-hybrydowa-w-szkolach-ponadpodstawowych\" target=\"_blank\">https:\/\/www.gov.pl\/web\/edukacja\/nauka-zdalna-i-hybrydowa-w-szkolach-ponadpodstawowych<\/a><\/figcaption><\/figure>\n\n\n\n<p><\/p>\n","protected":false},"excerpt":{"rendered":"<p>Drodzy Uczniowie, Rodzice i Pracodawcy, W zwi\u0105zku z obowi\u0105zkiem wprowadzenia kszta\u0142cenia w trybie mieszanym w szko\u0142ach ponadpodstawowych znajduj\u0105cych si\u0119 w tzw. &#8222;strefie \u017c\u00f3\u0142tej&#8221;, w porozumieniu z organem prowadz\u0105cym \u2013 Burmistrzem Karlina oraz nauczycielami ucz\u0105cymi w szkole, od poniedzia\u0142ku, 19 pa\u017adziernika 2020 r., szko\u0142a b\u0119dzie funkcjonowa\u0107 na zasadach okre\u015blonych w Zarz\u0105dzeniu nr 2\/2020\/2021 Dyrektora Zespo\u0142u Szk\u00f3\u0142 &hellip; <\/p>\n<p><a class=\"more-link btn\" href=\"https:\/\/zskarlino.pl\/?p=17736\">Czytaj dalej<\/a><\/p>\n","protected":false},"author":8,"featured_media":17737,"comment_status":"closed","ping_status":"closed","sticky":false,"template":"","format":"standard","meta":{"footnotes":""},"categories":[3],"tags":[],"class_list":["post-17736","post","type-post","status-publish","format-standard","has-post-thumbnail","hentry","category-wydarzenia","item-wrap"],"_links":{"self":[{"href":"https:\/\/zskarlino.pl\/index.php?rest_route=\/wp\/v2\/posts\/17736","targetHints":{"allow":["GET"]}}],"collection":[{"href":"https:\/\/zskarlino.pl\/index.php?rest_route=\/wp\/v2\/posts"}],"about":[{"href":"https:\/\/zskarlino.pl\/index.php?rest_route=\/wp\/v2\/types\/post"}],"author":[{"embeddable":true,"href":"https:\/\/zskarlino.pl\/index.php?rest_route=\/wp\/v2\/users\/8"}],"replies":[{"embeddable":true,"href":"https:\/\/zskarlino.pl\/index.php?rest_route=%2Fwp%2Fv2%2Fcomments&post=17736"}],"version-history":[{"count":2,"href":"https:\/\/zskarlino.pl\/index.php?rest_route=\/wp\/v2\/posts\/17736\/revisions"}],"predecessor-version":[{"id":17813,"href":"https:\/\/zskarlino.pl\/index.php?rest_route=\/wp\/v2\/posts\/17736\/revisions\/17813"}],"wp:featuredmedia":[{"embeddable":true,"href":"https:\/\/zskarlino.pl\/index.php?rest_route=\/wp\/v2\/media\/17737"}],"wp:attachment":[{"href":"https:\/\/zskarlino.pl\/index.php?rest_route=%2Fwp%2Fv2%2Fmedia&parent=17736"}],"wp:term":[{"taxonomy":"category","embeddable":true,"href":"https:\/\/zskarlino.pl\/index.php?rest_route=%2Fwp%2Fv2%2Fcategories&post=17736"},{"taxonomy":"post_tag","embeddable":true,"href":"https:\/\/zskarlino.pl\/index.php?rest_route=%2Fwp%2Fv2%2Ftags&post=17736"}],"curies":[{"name":"wp","href":"https:\/\/api.w.org\/{rel}","templated":true}]}}