{"id":17722,"date":"2020-10-15T18:55:08","date_gmt":"2020-10-15T16:55:08","guid":{"rendered":"http:\/\/zskarlino.pl\/?p=17722"},"modified":"2020-10-15T18:55:14","modified_gmt":"2020-10-15T16:55:14","slug":"festiwal-nauki-uwazamy-za-rozpoczety","status":"publish","type":"post","link":"https:\/\/zskarlino.pl\/?p=17722","title":{"rendered":"Festiwal Nauki uwa\u017camy za rozpocz\u0119ty&#8230;"},"content":{"rendered":"\n<p>Wystaw\u0105 podsumowuj\u0105c\u0105 I etap projektu Erasmus rozpocz\u0119li\u015bmy Dni Erasmusa, w ramach kt\u00f3rych zorganizowali\u015bmy kilka warsztat\u00f3w oraz konkurs\u00f3w zwi\u0105zanych z projektem &#8222;Two faces of technology. Isolation and opportunities.&#8221; Festiwal Nauki uwa\u017camy za rozpocz\u0119ty. <\/p>\n\n\n\n<figure class=\"wp-block-image size-large\"><img loading=\"lazy\" decoding=\"async\" width=\"1024\" height=\"768\" src=\"http:\/\/zskarlino.pl\/wp-content\/uploads\/2020\/10\/D1686135-39FB-4E6A-9AB1-C9F3B5DA5601-1024x768.jpeg\" alt=\"\" class=\"wp-image-17723\" srcset=\"https:\/\/zskarlino.pl\/wp-content\/uploads\/2020\/10\/D1686135-39FB-4E6A-9AB1-C9F3B5DA5601-1024x768.jpeg 1024w, https:\/\/zskarlino.pl\/wp-content\/uploads\/2020\/10\/D1686135-39FB-4E6A-9AB1-C9F3B5DA5601-300x225.jpeg 300w, https:\/\/zskarlino.pl\/wp-content\/uploads\/2020\/10\/D1686135-39FB-4E6A-9AB1-C9F3B5DA5601-768x576.jpeg 768w, https:\/\/zskarlino.pl\/wp-content\/uploads\/2020\/10\/D1686135-39FB-4E6A-9AB1-C9F3B5DA5601-1536x1152.jpeg 1536w, https:\/\/zskarlino.pl\/wp-content\/uploads\/2020\/10\/D1686135-39FB-4E6A-9AB1-C9F3B5DA5601-2048x1536.jpeg 2048w\" sizes=\"auto, (max-width: 1024px) 100vw, 1024px\" \/><\/figure>\n\n\n\n<figure class=\"wp-block-gallery columns-3 is-cropped wp-block-gallery-1 is-layout-flex wp-block-gallery-is-layout-flex\"><ul class=\"blocks-gallery-grid\"><li class=\"blocks-gallery-item\"><figure><img loading=\"lazy\" decoding=\"async\" width=\"765\" height=\"1024\" src=\"http:\/\/zskarlino.pl\/wp-content\/uploads\/2020\/10\/CBC7BA15-C4C6-42B2-9758-03DB48B8012A-765x1024.jpeg\" alt=\"\" data-id=\"17724\" data-full-url=\"http:\/\/zskarlino.pl\/wp-content\/uploads\/2020\/10\/CBC7BA15-C4C6-42B2-9758-03DB48B8012A-scaled.jpeg\" data-link=\"http:\/\/zskarlino.pl\/?attachment_id=17724\" class=\"wp-image-17724\" srcset=\"https:\/\/zskarlino.pl\/wp-content\/uploads\/2020\/10\/CBC7BA15-C4C6-42B2-9758-03DB48B8012A-765x1024.jpeg 765w, https:\/\/zskarlino.pl\/wp-content\/uploads\/2020\/10\/CBC7BA15-C4C6-42B2-9758-03DB48B8012A-224x300.jpeg 224w, https:\/\/zskarlino.pl\/wp-content\/uploads\/2020\/10\/CBC7BA15-C4C6-42B2-9758-03DB48B8012A-768x1028.jpeg 768w, https:\/\/zskarlino.pl\/wp-content\/uploads\/2020\/10\/CBC7BA15-C4C6-42B2-9758-03DB48B8012A-1148x1536.jpeg 1148w, https:\/\/zskarlino.pl\/wp-content\/uploads\/2020\/10\/CBC7BA15-C4C6-42B2-9758-03DB48B8012A-1531x2048.jpeg 1531w, https:\/\/zskarlino.pl\/wp-content\/uploads\/2020\/10\/CBC7BA15-C4C6-42B2-9758-03DB48B8012A-scaled.jpeg 1913w\" sizes=\"auto, (max-width: 765px) 100vw, 765px\" \/><\/figure><\/li><li class=\"blocks-gallery-item\"><figure><img loading=\"lazy\" decoding=\"async\" width=\"480\" height=\"642\" src=\"http:\/\/zskarlino.pl\/wp-content\/uploads\/2020\/10\/D18785A8-52ED-4004-82F0-D550E5F5105C.jpeg\" alt=\"\" data-id=\"17725\" data-full-url=\"http:\/\/zskarlino.pl\/wp-content\/uploads\/2020\/10\/D18785A8-52ED-4004-82F0-D550E5F5105C.jpeg\" data-link=\"http:\/\/zskarlino.pl\/?attachment_id=17725\" class=\"wp-image-17725\" srcset=\"https:\/\/zskarlino.pl\/wp-content\/uploads\/2020\/10\/D18785A8-52ED-4004-82F0-D550E5F5105C.jpeg 480w, https:\/\/zskarlino.pl\/wp-content\/uploads\/2020\/10\/D18785A8-52ED-4004-82F0-D550E5F5105C-224x300.jpeg 224w\" sizes=\"auto, (max-width: 480px) 100vw, 480px\" \/><\/figure><\/li><li class=\"blocks-gallery-item\"><figure><img loading=\"lazy\" decoding=\"async\" width=\"765\" height=\"1024\" src=\"http:\/\/zskarlino.pl\/wp-content\/uploads\/2020\/10\/C801EE9F-20C5-4293-824D-0E79DD336C0B-765x1024.jpeg\" alt=\"\" data-id=\"17726\" data-full-url=\"http:\/\/zskarlino.pl\/wp-content\/uploads\/2020\/10\/C801EE9F-20C5-4293-824D-0E79DD336C0B-scaled.jpeg\" data-link=\"http:\/\/zskarlino.pl\/?attachment_id=17726\" class=\"wp-image-17726\" srcset=\"https:\/\/zskarlino.pl\/wp-content\/uploads\/2020\/10\/C801EE9F-20C5-4293-824D-0E79DD336C0B-765x1024.jpeg 765w, https:\/\/zskarlino.pl\/wp-content\/uploads\/2020\/10\/C801EE9F-20C5-4293-824D-0E79DD336C0B-224x300.jpeg 224w, https:\/\/zskarlino.pl\/wp-content\/uploads\/2020\/10\/C801EE9F-20C5-4293-824D-0E79DD336C0B-768x1028.jpeg 768w, https:\/\/zskarlino.pl\/wp-content\/uploads\/2020\/10\/C801EE9F-20C5-4293-824D-0E79DD336C0B-1148x1536.jpeg 1148w, https:\/\/zskarlino.pl\/wp-content\/uploads\/2020\/10\/C801EE9F-20C5-4293-824D-0E79DD336C0B-1531x2048.jpeg 1531w, https:\/\/zskarlino.pl\/wp-content\/uploads\/2020\/10\/C801EE9F-20C5-4293-824D-0E79DD336C0B-scaled.jpeg 1913w\" sizes=\"auto, (max-width: 765px) 100vw, 765px\" \/><\/figure><\/li><\/ul><\/figure>\n","protected":false},"excerpt":{"rendered":"<p>Wystaw\u0105 podsumowuj\u0105c\u0105 I etap projektu Erasmus rozpocz\u0119li\u015bmy Dni Erasmusa, w ramach kt\u00f3rych zorganizowali\u015bmy kilka warsztat\u00f3w oraz konkurs\u00f3w zwi\u0105zanych z projektem &#8222;Two faces of technology. Isolation and opportunities.&#8221; Festiwal Nauki uwa\u017camy za rozpocz\u0119ty.<\/p>\n","protected":false},"author":6,"featured_media":0,"comment_status":"closed","ping_status":"closed","sticky":false,"template":"","format":"standard","meta":{"footnotes":""},"categories":[3],"tags":[],"class_list":["post-17722","post","type-post","status-publish","format-standard","hentry","category-wydarzenia","item-wrap"],"_links":{"self":[{"href":"https:\/\/zskarlino.pl\/index.php?rest_route=\/wp\/v2\/posts\/17722","targetHints":{"allow":["GET"]}}],"collection":[{"href":"https:\/\/zskarlino.pl\/index.php?rest_route=\/wp\/v2\/posts"}],"about":[{"href":"https:\/\/zskarlino.pl\/index.php?rest_route=\/wp\/v2\/types\/post"}],"author":[{"embeddable":true,"href":"https:\/\/zskarlino.pl\/index.php?rest_route=\/wp\/v2\/users\/6"}],"replies":[{"embeddable":true,"href":"https:\/\/zskarlino.pl\/index.php?rest_route=%2Fwp%2Fv2%2Fcomments&post=17722"}],"version-history":[{"count":1,"href":"https:\/\/zskarlino.pl\/index.php?rest_route=\/wp\/v2\/posts\/17722\/revisions"}],"predecessor-version":[{"id":17727,"href":"https:\/\/zskarlino.pl\/index.php?rest_route=\/wp\/v2\/posts\/17722\/revisions\/17727"}],"wp:attachment":[{"href":"https:\/\/zskarlino.pl\/index.php?rest_route=%2Fwp%2Fv2%2Fmedia&parent=17722"}],"wp:term":[{"taxonomy":"category","embeddable":true,"href":"https:\/\/zskarlino.pl\/index.php?rest_route=%2Fwp%2Fv2%2Fcategories&post=17722"},{"taxonomy":"post_tag","embeddable":true,"href":"https:\/\/zskarlino.pl\/index.php?rest_route=%2Fwp%2Fv2%2Ftags&post=17722"}],"curies":[{"name":"wp","href":"https:\/\/api.w.org\/{rel}","templated":true}]}}