{"id":17707,"date":"2020-10-13T17:19:13","date_gmt":"2020-10-13T15:19:13","guid":{"rendered":"http:\/\/zskarlino.pl\/?p=17707"},"modified":"2020-10-14T08:52:00","modified_gmt":"2020-10-14T06:52:00","slug":"dzien-edukacji-narodowej-3","status":"publish","type":"post","link":"https:\/\/zskarlino.pl\/?p=17707","title":{"rendered":"DZIE\u0143 EDUKACJI NARODOWEJ"},"content":{"rendered":"\n<p>W tym szczeg\u00f3lnym dniu dla ca\u0142ej szkolnej spo\u0142eczno\u015bci \u017cyczymy:<\/p>\n\n\n\n<p>Wam drodzy Uczniowie &#8211; by ka\u017cdy dzie\u0144 Waszego szkolnego \u017cycia by\u0142 \u015bwi\u0119tem Waszej Edukacji! :)<\/p>\n\n\n\n<p>Naszym Przyjacio\u0142om &#8211; Rodzicom i Lokalnym Instytucjom &#8211; by mogli do\u015bwiadcza\u0107 jedynie wspania\u0142ych chwil dzi\u0119ki naszym wsp\u00f3lnym dzia\u0142aniom :)<\/p>\n\n\n\n<p>Nam &#8211; czyli pracownikom o\u015bwiaty &#8211; by rado\u015b\u0107 i satysfakcja towarzyszy\u0142y nam ka\u017cdego &#8222;szkolnego&#8221; dnia :)<\/p>\n\n\n\n<p>Drogi Samorz\u0105dzie Uczniowski, Dzi\u0119kujemy za pi\u0119kne kartki z \u017cyczeniami oraz s\u0142odkie za\u0142\u0105czniki ;)<\/p>\n\n\n\n<p class=\"has-text-align-right\">Dyrekcja, Grono Pedagogiczne i Pracownicy <br>Zespo\u0142u Szk\u00f3\u0142 w Karlinie <\/p>\n\n\n\n<figure class=\"wp-block-image size-large\"><img loading=\"lazy\" decoding=\"async\" width=\"1024\" height=\"768\" src=\"http:\/\/zskarlino.pl\/wp-content\/uploads\/2020\/10\/IMG_0394-1024x768.jpg\" alt=\"\" class=\"wp-image-17708\" srcset=\"https:\/\/zskarlino.pl\/wp-content\/uploads\/2020\/10\/IMG_0394-1024x768.jpg 1024w, https:\/\/zskarlino.pl\/wp-content\/uploads\/2020\/10\/IMG_0394-300x225.jpg 300w, https:\/\/zskarlino.pl\/wp-content\/uploads\/2020\/10\/IMG_0394-768x576.jpg 768w, https:\/\/zskarlino.pl\/wp-content\/uploads\/2020\/10\/IMG_0394-1536x1152.jpg 1536w, https:\/\/zskarlino.pl\/wp-content\/uploads\/2020\/10\/IMG_0394-2048x1536.jpg 2048w\" sizes=\"auto, (max-width: 1024px) 100vw, 1024px\" \/><\/figure>\n\n\n\n<figure class=\"wp-block-image size-large\"><img loading=\"lazy\" decoding=\"async\" width=\"1024\" height=\"768\" src=\"http:\/\/zskarlino.pl\/wp-content\/uploads\/2020\/10\/IMG_0393-2-1024x768.jpg\" alt=\"\" class=\"wp-image-17714\" srcset=\"https:\/\/zskarlino.pl\/wp-content\/uploads\/2020\/10\/IMG_0393-2-1024x768.jpg 1024w, https:\/\/zskarlino.pl\/wp-content\/uploads\/2020\/10\/IMG_0393-2-300x225.jpg 300w, https:\/\/zskarlino.pl\/wp-content\/uploads\/2020\/10\/IMG_0393-2-768x576.jpg 768w, https:\/\/zskarlino.pl\/wp-content\/uploads\/2020\/10\/IMG_0393-2-1536x1152.jpg 1536w, https:\/\/zskarlino.pl\/wp-content\/uploads\/2020\/10\/IMG_0393-2-2048x1536.jpg 2048w\" sizes=\"auto, (max-width: 1024px) 100vw, 1024px\" \/><\/figure>\n\n\n\n<p>Poni\u017cej za\u0142\u0105czamy link do listu Pana Ministra Edukacji Narodowej z okazji \u015awi\u0119ta Edukacji Narodowej<\/p>\n\n\n\n<p><a href=\"https:\/\/www.gov.pl\/web\/edukacja\/list-ministra-dariusza-piontkowskiego-z-okazji-dnia-edukacji-narodowej\" target=\"_blank\" rel=\"noopener\">https:\/\/www.gov.pl\/web\/edukacja\/list-ministra-dariusza-piontkowskiego-z-okazji-dnia-edukacji-narodowej<\/a><\/p>\n\n\n\n<p><\/p>\n\n\n\n<p> <\/p>\n","protected":false},"excerpt":{"rendered":"<p>W tym szczeg\u00f3lnym dniu dla ca\u0142ej szkolnej spo\u0142eczno\u015bci \u017cyczymy: Wam drodzy Uczniowie &#8211; by ka\u017cdy dzie\u0144 Waszego szkolnego \u017cycia by\u0142 \u015bwi\u0119tem Waszej Edukacji! :) Naszym Przyjacio\u0142om &#8211; Rodzicom i Lokalnym Instytucjom &#8211; by mogli do\u015bwiadcza\u0107 jedynie wspania\u0142ych chwil dzi\u0119ki naszym wsp\u00f3lnym dzia\u0142aniom :) Nam &#8211; czyli pracownikom o\u015bwiaty &#8211; by rado\u015b\u0107 i satysfakcja towarzyszy\u0142y nam &hellip; <\/p>\n<p><a class=\"more-link btn\" href=\"https:\/\/zskarlino.pl\/?p=17707\">Czytaj dalej<\/a><\/p>\n","protected":false},"author":8,"featured_media":17714,"comment_status":"closed","ping_status":"closed","sticky":false,"template":"","format":"standard","meta":{"footnotes":""},"categories":[3],"tags":[],"class_list":["post-17707","post","type-post","status-publish","format-standard","has-post-thumbnail","hentry","category-wydarzenia","item-wrap"],"_links":{"self":[{"href":"https:\/\/zskarlino.pl\/index.php?rest_route=\/wp\/v2\/posts\/17707","targetHints":{"allow":["GET"]}}],"collection":[{"href":"https:\/\/zskarlino.pl\/index.php?rest_route=\/wp\/v2\/posts"}],"about":[{"href":"https:\/\/zskarlino.pl\/index.php?rest_route=\/wp\/v2\/types\/post"}],"author":[{"embeddable":true,"href":"https:\/\/zskarlino.pl\/index.php?rest_route=\/wp\/v2\/users\/8"}],"replies":[{"embeddable":true,"href":"https:\/\/zskarlino.pl\/index.php?rest_route=%2Fwp%2Fv2%2Fcomments&post=17707"}],"version-history":[{"count":4,"href":"https:\/\/zskarlino.pl\/index.php?rest_route=\/wp\/v2\/posts\/17707\/revisions"}],"predecessor-version":[{"id":17719,"href":"https:\/\/zskarlino.pl\/index.php?rest_route=\/wp\/v2\/posts\/17707\/revisions\/17719"}],"wp:featuredmedia":[{"embeddable":true,"href":"https:\/\/zskarlino.pl\/index.php?rest_route=\/wp\/v2\/media\/17714"}],"wp:attachment":[{"href":"https:\/\/zskarlino.pl\/index.php?rest_route=%2Fwp%2Fv2%2Fmedia&parent=17707"}],"wp:term":[{"taxonomy":"category","embeddable":true,"href":"https:\/\/zskarlino.pl\/index.php?rest_route=%2Fwp%2Fv2%2Fcategories&post=17707"},{"taxonomy":"post_tag","embeddable":true,"href":"https:\/\/zskarlino.pl\/index.php?rest_route=%2Fwp%2Fv2%2Ftags&post=17707"}],"curies":[{"name":"wp","href":"https:\/\/api.w.org\/{rel}","templated":true}]}}