{"id":17696,"date":"2020-10-13T16:16:50","date_gmt":"2020-10-13T14:16:50","guid":{"rendered":"http:\/\/zskarlino.pl\/?p=17696"},"modified":"2020-11-15T21:41:50","modified_gmt":"2020-11-15T20:41:50","slug":"stypendium-razem-w-zawodowa-przyszlosc-bis","status":"publish","type":"post","link":"https:\/\/zskarlino.pl\/?p=17696","title":{"rendered":"Stypendium \u201eRazem w Zawodow\u0105 Przysz\u0142o\u015b\u0107 BIS!\u201d"},"content":{"rendered":"\n<div class=\"wp-block-image\"><figure class=\"aligncenter size-large\"><img loading=\"lazy\" decoding=\"async\" width=\"609\" height=\"296\" src=\"http:\/\/zskarlino.pl\/wp-content\/uploads\/2020\/10\/image.png\" alt=\"\" class=\"wp-image-17697\" srcset=\"https:\/\/zskarlino.pl\/wp-content\/uploads\/2020\/10\/image.png 609w, https:\/\/zskarlino.pl\/wp-content\/uploads\/2020\/10\/image-300x146.png 300w\" sizes=\"auto, (max-width: 609px) 100vw, 609px\" \/><\/figure><\/div>\n\n\n\n<p>W ramach realizowanego od wrze\u015bnia 2019r. projektu edukacyjnego \u2013\u201eRazem w Zawodow\u0105 Przysz\u0142o\u015b\u0107-BIS!\u201d udzielili\u015bmy naszym uczniom klas technikum wsparcia w postaci stypendium za wyniki w nauce i zaanga\u017cowanie na rzecz szko\u0142y za ubieg\u0142y rok szkolny. W zwi\u0105zku ze specyficznymi warunkami w zesz\u0142ym roku szkolny komisja stypendialna postanowi\u0142a zarekomendowa\u0107 pozytywnie 19 wniosk\u00f3w uczni\u00f3w, kt\u00f3rzy b\u0119d\u0105 otrzymywa\u0107 miesi\u0119czne wsparcie finansowe w wysoko\u015bci od 170,00 do 400,00z\u0142! Warto si\u0119 uczy\u0107! Warto by\u0107 aktywnym! Warto by\u0107 uczniem Technikum w Karlinie!<\/p>\n\n\n\n<p>Wi\u0119cej informacji na temat projektu, form wsparcia i harmonogramu dzia\u0142a\u0144 &#8211; na naszej stronie internetowej w zak\u0142adce projekty.<\/p>\n\n\n\n<p>Wszystkich naszych uczni\u00f3w zach\u0119camy do korzystania z zaj\u0119\u0107 j\u0119zyka bran\u017cowego, indywidualnych konsultacji z doradc\u0105 zawodowym, a wkr\u00f3tce jak tylko pozwoli na to sytuacja \u2013 pojawi\u0105 si\u0119 atrakcyjne formy wsparcia dla m\u0142odzie\u017cy, by jak najlepiej byli przygotowani do wystartowania w zawodow\u0105 przysz\u0142o\u015b\u0107 ;) &nbsp;&nbsp;&nbsp;&nbsp;<\/p>\n\n\n\n<div class=\"wp-block-image\"><figure class=\"aligncenter size-large is-resized\"><img loading=\"lazy\" decoding=\"async\" src=\"http:\/\/zskarlino.pl\/wp-content\/uploads\/2020\/10\/IMG_0397-1024x768.jpg\" alt=\"\" class=\"wp-image-17701\" width=\"506\" height=\"380\" srcset=\"https:\/\/zskarlino.pl\/wp-content\/uploads\/2020\/10\/IMG_0397-1024x768.jpg 1024w, https:\/\/zskarlino.pl\/wp-content\/uploads\/2020\/10\/IMG_0397-300x225.jpg 300w, https:\/\/zskarlino.pl\/wp-content\/uploads\/2020\/10\/IMG_0397-768x576.jpg 768w, https:\/\/zskarlino.pl\/wp-content\/uploads\/2020\/10\/IMG_0397-1536x1152.jpg 1536w, https:\/\/zskarlino.pl\/wp-content\/uploads\/2020\/10\/IMG_0397-2048x1536.jpg 2048w\" sizes=\"auto, (max-width: 506px) 100vw, 506px\" \/><\/figure><\/div>\n\n\n\n<figure class=\"wp-block-image size-large\"><img loading=\"lazy\" decoding=\"async\" width=\"610\" height=\"166\" src=\"http:\/\/zskarlino.pl\/wp-content\/uploads\/2020\/10\/image-1.png\" alt=\"\" class=\"wp-image-17698\" srcset=\"https:\/\/zskarlino.pl\/wp-content\/uploads\/2020\/10\/image-1.png 610w, https:\/\/zskarlino.pl\/wp-content\/uploads\/2020\/10\/image-1-300x82.png 300w\" sizes=\"auto, (max-width: 610px) 100vw, 610px\" \/><\/figure>\n","protected":false},"excerpt":{"rendered":"<p>W ramach realizowanego od wrze\u015bnia 2019r. projektu edukacyjnego \u2013\u201eRazem w Zawodow\u0105 Przysz\u0142o\u015b\u0107-BIS!\u201d udzielili\u015bmy naszym uczniom klas technikum wsparcia w postaci stypendium za wyniki w nauce i zaanga\u017cowanie na rzecz szko\u0142y za ubieg\u0142y rok szkolny. W zwi\u0105zku ze specyficznymi warunkami w zesz\u0142ym roku szkolny komisja stypendialna postanowi\u0142a zarekomendowa\u0107 pozytywnie 19 wniosk\u00f3w uczni\u00f3w, kt\u00f3rzy b\u0119d\u0105 otrzymywa\u0107 miesi\u0119czne &hellip; <\/p>\n<p><a class=\"more-link btn\" href=\"https:\/\/zskarlino.pl\/?p=17696\">Czytaj dalej<\/a><\/p>\n","protected":false},"author":8,"featured_media":17697,"comment_status":"closed","ping_status":"closed","sticky":false,"template":"","format":"standard","meta":{"footnotes":""},"categories":[3],"tags":[],"class_list":["post-17696","post","type-post","status-publish","format-standard","has-post-thumbnail","hentry","category-wydarzenia","item-wrap"],"_links":{"self":[{"href":"https:\/\/zskarlino.pl\/index.php?rest_route=\/wp\/v2\/posts\/17696","targetHints":{"allow":["GET"]}}],"collection":[{"href":"https:\/\/zskarlino.pl\/index.php?rest_route=\/wp\/v2\/posts"}],"about":[{"href":"https:\/\/zskarlino.pl\/index.php?rest_route=\/wp\/v2\/types\/post"}],"author":[{"embeddable":true,"href":"https:\/\/zskarlino.pl\/index.php?rest_route=\/wp\/v2\/users\/8"}],"replies":[{"embeddable":true,"href":"https:\/\/zskarlino.pl\/index.php?rest_route=%2Fwp%2Fv2%2Fcomments&post=17696"}],"version-history":[{"count":4,"href":"https:\/\/zskarlino.pl\/index.php?rest_route=\/wp\/v2\/posts\/17696\/revisions"}],"predecessor-version":[{"id":17819,"href":"https:\/\/zskarlino.pl\/index.php?rest_route=\/wp\/v2\/posts\/17696\/revisions\/17819"}],"wp:featuredmedia":[{"embeddable":true,"href":"https:\/\/zskarlino.pl\/index.php?rest_route=\/wp\/v2\/media\/17697"}],"wp:attachment":[{"href":"https:\/\/zskarlino.pl\/index.php?rest_route=%2Fwp%2Fv2%2Fmedia&parent=17696"}],"wp:term":[{"taxonomy":"category","embeddable":true,"href":"https:\/\/zskarlino.pl\/index.php?rest_route=%2Fwp%2Fv2%2Fcategories&post=17696"},{"taxonomy":"post_tag","embeddable":true,"href":"https:\/\/zskarlino.pl\/index.php?rest_route=%2Fwp%2Fv2%2Ftags&post=17696"}],"curies":[{"name":"wp","href":"https:\/\/api.w.org\/{rel}","templated":true}]}}