{"id":17686,"date":"2020-10-09T19:29:35","date_gmt":"2020-10-09T17:29:35","guid":{"rendered":"http:\/\/zskarlino.pl\/?p=17686"},"modified":"2020-10-09T19:29:36","modified_gmt":"2020-10-09T17:29:36","slug":"informacja-dyrektora-zespolu-szkol-w-karlinie-dotyczaca-biezacego-funkcjonowania-szkoly","status":"publish","type":"post","link":"https:\/\/zskarlino.pl\/?p=17686","title":{"rendered":"Informacja Dyrektora Zespo\u0142u Szk\u00f3\u0142 w Karlinie dotycz\u0105ca bie\u017c\u0105cego funkcjonowania szko\u0142y."},"content":{"rendered":"\n<p>Drodzy Uczniowie, Rodzice i Pracownicy Zespo\u0142u Szk\u00f3\u0142 w Karlinie,<\/p>\n\n\n\n<p>W zwi\u0105zku z pogarszaj\u0105c\u0105 si\u0119 sytuacj\u0105 w kraju i naszym regionie zwi\u0105zan\u0105 z rozprzestrzenianiem si\u0119 wirusa SARS-CoV-2 przypominam o zaleceniu zakrywania ust i nosa w miejscach og\u00f3lnodost\u0119pnych w szkole, w sytuacjach, gdy niemo\u017cliwe jest zachowanie odpowiedniego dystansu. Prosz\u0119, aby od poniedzia\u0142ku 12.10.2020 r. wszyscy uczniowie przychodzili do szko\u0142y wyposa\u017ceni w maseczki i stosowali si\u0119 do obowi\u0105zuj\u0105cych w szkole procedur i zalece\u0144 pracownik\u00f3w. W szkole i internacie wci\u0105\u017c obowi\u0105zuj\u0105 procedury bezpiecze\u0144stwa wprowadzone Zarz\u0105dzeniem Dyrektora Szko\u0142y nr 14\/2019\/2020 &#8211; zak\u0142adka: Nasza Szko\u0142a\/Dokumenty. <\/p>\n\n\n\n<p>Jednocze\u015bnie wprowadzam nakaz zas\u0142aniania ust i nosa podczas za\u0142atwiania wszelkich spraw w sekretariacie szkolnym. \u00a0Ponadto obowi\u0105zek zas\u0142aniania ust i nosa nadal dotyczy hali sportowej (do momentu wej\u015bcia do szatni) oraz od poniedzia\u0142ku (12.10.2020r.) drogi do i ze szko\u0142y.<\/p>\n\n\n\n<p>Ponawiam pro\u015bb\u0119, aby ograniczy\u0107 wizyty w szkole os\u00f3b trzecich do jedynie niezb\u0119dnych, zalecam korzystanie z drogi mailowej, telefonicznej lub za pomoc\u0105 dziennika elektronicznego.<\/p>\n\n\n\n<p>Mieszka\u0144com Internatu przypominam o bezwzgl\u0119dnym zakazie odwiedzania si\u0119 w pokojach oraz ograniczenia wizyt na innych pi\u0119trach do niezb\u0119dnego minimum (np. kontakt z wychowawc\u0105).<\/p>\n\n\n\n<p>Licz\u0119 na odpowiedzialno\u015b\u0107 i zrozumienie dla wprowadzanych obostrze\u0144, kt\u00f3rym przy\u015bwieca troska o bezpiecze\u0144stwo i zdrowie nas wszystkich.<\/p>\n\n\n\n<p class=\"has-text-align-right\">Justyna Syga <br>Dyrektor Zespo\u0142u Szk\u00f3\u0142 w Karlinie<\/p>\n\n\n\n<div class=\"wp-block-file\"><a href=\"http:\/\/zskarlino.pl\/wp-content\/uploads\/2020\/10\/Zalecenia-dla-dyrektor\u00f3w-publicznych-i-niepublicznych-szk\u00f3\u0142-i-plac\u00f3wek-w-strefie-czerwonej_\u017c\u00f3\u0142tej.pdf\">Zalecenia-dla-dyrektor\u00f3w-publicznych-i-niepublicznych-szk\u00f3\u0142-i-plac\u00f3wek-w-strefie-czerwonej_\u017c\u00f3\u0142tej<\/a><a href=\"http:\/\/zskarlino.pl\/wp-content\/uploads\/2020\/10\/Zalecenia-dla-dyrektor\u00f3w-publicznych-i-niepublicznych-szk\u00f3\u0142-i-plac\u00f3wek-w-strefie-czerwonej_\u017c\u00f3\u0142tej.pdf\" class=\"wp-block-file__button\" download>Pobierz<\/a><\/div>\n\n\n\n<p><\/p>\n","protected":false},"excerpt":{"rendered":"<p>Drodzy Uczniowie, Rodzice i Pracownicy Zespo\u0142u Szk\u00f3\u0142 w Karlinie, W zwi\u0105zku z pogarszaj\u0105c\u0105 si\u0119 sytuacj\u0105 w kraju i naszym regionie zwi\u0105zan\u0105 z rozprzestrzenianiem si\u0119 wirusa SARS-CoV-2 przypominam o zaleceniu zakrywania ust i nosa w miejscach og\u00f3lnodost\u0119pnych w szkole, w sytuacjach, gdy niemo\u017cliwe jest zachowanie odpowiedniego dystansu. Prosz\u0119, aby od poniedzia\u0142ku 12.10.2020 r. wszyscy uczniowie przychodzili &hellip; <\/p>\n<p><a class=\"more-link btn\" href=\"https:\/\/zskarlino.pl\/?p=17686\">Czytaj dalej<\/a><\/p>\n","protected":false},"author":8,"featured_media":0,"comment_status":"closed","ping_status":"closed","sticky":false,"template":"","format":"standard","meta":{"footnotes":""},"categories":[3],"tags":[],"class_list":["post-17686","post","type-post","status-publish","format-standard","hentry","category-wydarzenia","item-wrap"],"_links":{"self":[{"href":"https:\/\/zskarlino.pl\/index.php?rest_route=\/wp\/v2\/posts\/17686","targetHints":{"allow":["GET"]}}],"collection":[{"href":"https:\/\/zskarlino.pl\/index.php?rest_route=\/wp\/v2\/posts"}],"about":[{"href":"https:\/\/zskarlino.pl\/index.php?rest_route=\/wp\/v2\/types\/post"}],"author":[{"embeddable":true,"href":"https:\/\/zskarlino.pl\/index.php?rest_route=\/wp\/v2\/users\/8"}],"replies":[{"embeddable":true,"href":"https:\/\/zskarlino.pl\/index.php?rest_route=%2Fwp%2Fv2%2Fcomments&post=17686"}],"version-history":[{"count":3,"href":"https:\/\/zskarlino.pl\/index.php?rest_route=\/wp\/v2\/posts\/17686\/revisions"}],"predecessor-version":[{"id":17690,"href":"https:\/\/zskarlino.pl\/index.php?rest_route=\/wp\/v2\/posts\/17686\/revisions\/17690"}],"wp:attachment":[{"href":"https:\/\/zskarlino.pl\/index.php?rest_route=%2Fwp%2Fv2%2Fmedia&parent=17686"}],"wp:term":[{"taxonomy":"category","embeddable":true,"href":"https:\/\/zskarlino.pl\/index.php?rest_route=%2Fwp%2Fv2%2Fcategories&post=17686"},{"taxonomy":"post_tag","embeddable":true,"href":"https:\/\/zskarlino.pl\/index.php?rest_route=%2Fwp%2Fv2%2Ftags&post=17686"}],"curies":[{"name":"wp","href":"https:\/\/api.w.org\/{rel}","templated":true}]}}