{"id":17485,"date":"2020-08-24T14:32:37","date_gmt":"2020-08-24T12:32:37","guid":{"rendered":"http:\/\/zskarlino.pl\/?p=17485"},"modified":"2020-11-05T15:05:53","modified_gmt":"2020-11-05T14:05:53","slug":"spotkanie-dla-rodzicow-uczniow-przyjetych-do-internatu","status":"publish","type":"post","link":"https:\/\/zskarlino.pl\/?p=17485","title":{"rendered":"Spotkanie dla rodzic\u00f3w uczni\u00f3w przyj\u0119tych do Internatu"},"content":{"rendered":"\n<p>Dyrektor Zespo\u0142u Szk\u00f3\u0142 w Karlinie zaprasza rodzic\u00f3w uczni\u00f3w zakwalifikowanych do zakwaterowania w internacie <strong>po raz pierwszy<\/strong> na spotkanie w najbli\u017cszy <strong>czwartek 27 sierpnia 2020 r. na godz. 16.30 <\/strong>do budynku szko\u0142y \u2013 hol na I pi\u0119trze. Ze wzgl\u0119du na konieczno\u015b\u0107 ograniczenia ilo\u015bci os\u00f3b uczestnicz\u0105cych w spotkaniu prosz\u0119, aby wraz z uczniem przyby\u0142 jeden rodzic\/opiekun prawny. <\/p>\n\n\n\n<p>Przypominam o dostosowaniu si\u0119 do obostrze\u0144 \u2013 w szkole obowi\u0105zuje nakaz zakrywania ust i nosa oraz dezynfekcji r\u0105k przy wej\u015bciu do budynku. Prosz\u0119 przynie\u015b\u0107 swoje d\u0142ugopisy, niezb\u0119dne w celu podpisania umowy.<\/p>\n\n\n\n<p>Pozosta\u0142ych rodzic\u00f3w oraz naszych uczni\u00f3w, kt\u00f3rzy we wcze\u015bniejszych latach byli ju\u017c zakwaterowani w naszym Internacie, zapraszam w czasie spotkania na aplikacj\u0119 TEAMS, gdzie poprzez konto ucznia b\u0119dzie mo\u017cna zalogowa\u0107 si\u0119 na spotkanie i w nim uczestniczy\u0107. &nbsp;Stosowne zaproszenia zostan\u0105 wkr\u00f3tce wys\u0142ane na konta uczni\u00f3w. Umowy z rodzicami uczni\u00f3w wcze\u015bniej zakwaterowanych w internacie b\u0119d\u0105 podpisywane podczas zakwaterowania. Wkr\u00f3tce udost\u0119pnimy na naszej stronie w zak\u0142adce &#8222;DOKUMENTY&#8221; wz\u00f3r umowy oraz o\u015bwiadczenia, kt\u00f3re uczniowie b\u0119d\u0105 musieli posiada\u0107 w dniu zakwaterowania.<\/p>\n\n\n\n<p> W przypadku problem\u00f3w z uczestniczeniem w spotkaniu w formie stacjonarnej lub zdalnej prosimy o kontakt ze szko\u0142\u0105.<\/p>\n\n\n\n<p class=\"has-text-align-right\">Justyna Syga<br>Dyrektor Zespo\u0142u Szk\u00f3\u0142 w Karlinie<\/p>\n\n\n\n<div class=\"wp-block-group is-layout-flow wp-block-group-is-layout-flow\"><div class=\"wp-block-group__inner-container\"><\/div><\/div>\n\n\n\n<figure class=\"wp-block-gallery columns-1 is-cropped wp-block-gallery-1 is-layout-flex wp-block-gallery-is-layout-flex\"><ul class=\"blocks-gallery-grid\"><li class=\"blocks-gallery-item\"><figure><img loading=\"lazy\" decoding=\"async\" width=\"1024\" height=\"680\" src=\"http:\/\/zskarlino.pl\/wp-content\/uploads\/2020\/08\/budynek-internatu1-1.jpg\" alt=\"\" data-id=\"17493\" data-full-url=\"http:\/\/zskarlino.pl\/wp-content\/uploads\/2020\/08\/budynek-internatu1-1.jpg\" data-link=\"http:\/\/zskarlino.pl\/?attachment_id=17493\" class=\"wp-image-17493\" srcset=\"https:\/\/zskarlino.pl\/wp-content\/uploads\/2020\/08\/budynek-internatu1-1.jpg 1024w, https:\/\/zskarlino.pl\/wp-content\/uploads\/2020\/08\/budynek-internatu1-1-300x199.jpg 300w, https:\/\/zskarlino.pl\/wp-content\/uploads\/2020\/08\/budynek-internatu1-1-768x510.jpg 768w\" sizes=\"auto, (max-width: 1024px) 100vw, 1024px\" \/><figcaption class=\"blocks-gallery-item__caption\">Budynek Zespo\u0142u Szk\u00f3\u0142 w Karlinie &#8211; Internat<\/figcaption><\/figure><\/li><\/ul><\/figure>\n","protected":false},"excerpt":{"rendered":"<p>Dyrektor Zespo\u0142u Szk\u00f3\u0142 w Karlinie zaprasza rodzic\u00f3w uczni\u00f3w zakwalifikowanych do zakwaterowania w internacie po raz pierwszy na spotkanie w najbli\u017cszy czwartek 27 sierpnia 2020 r. na godz. 16.30 do budynku szko\u0142y \u2013 hol na I pi\u0119trze. Ze wzgl\u0119du na konieczno\u015b\u0107 ograniczenia ilo\u015bci os\u00f3b uczestnicz\u0105cych w spotkaniu prosz\u0119, aby wraz z uczniem przyby\u0142 jeden rodzic\/opiekun prawny. &hellip; <\/p>\n<p><a class=\"more-link btn\" href=\"https:\/\/zskarlino.pl\/?p=17485\">Czytaj dalej<\/a><\/p>\n","protected":false},"author":8,"featured_media":17493,"comment_status":"closed","ping_status":"closed","sticky":false,"template":"","format":"standard","meta":{"footnotes":""},"categories":[3],"tags":[],"class_list":["post-17485","post","type-post","status-publish","format-standard","has-post-thumbnail","hentry","category-wydarzenia","item-wrap"],"_links":{"self":[{"href":"https:\/\/zskarlino.pl\/index.php?rest_route=\/wp\/v2\/posts\/17485","targetHints":{"allow":["GET"]}}],"collection":[{"href":"https:\/\/zskarlino.pl\/index.php?rest_route=\/wp\/v2\/posts"}],"about":[{"href":"https:\/\/zskarlino.pl\/index.php?rest_route=\/wp\/v2\/types\/post"}],"author":[{"embeddable":true,"href":"https:\/\/zskarlino.pl\/index.php?rest_route=\/wp\/v2\/users\/8"}],"replies":[{"embeddable":true,"href":"https:\/\/zskarlino.pl\/index.php?rest_route=%2Fwp%2Fv2%2Fcomments&post=17485"}],"version-history":[{"count":5,"href":"https:\/\/zskarlino.pl\/index.php?rest_route=\/wp\/v2\/posts\/17485\/revisions"}],"predecessor-version":[{"id":17786,"href":"https:\/\/zskarlino.pl\/index.php?rest_route=\/wp\/v2\/posts\/17485\/revisions\/17786"}],"wp:featuredmedia":[{"embeddable":true,"href":"https:\/\/zskarlino.pl\/index.php?rest_route=\/wp\/v2\/media\/17493"}],"wp:attachment":[{"href":"https:\/\/zskarlino.pl\/index.php?rest_route=%2Fwp%2Fv2%2Fmedia&parent=17485"}],"wp:term":[{"taxonomy":"category","embeddable":true,"href":"https:\/\/zskarlino.pl\/index.php?rest_route=%2Fwp%2Fv2%2Fcategories&post=17485"},{"taxonomy":"post_tag","embeddable":true,"href":"https:\/\/zskarlino.pl\/index.php?rest_route=%2Fwp%2Fv2%2Ftags&post=17485"}],"curies":[{"name":"wp","href":"https:\/\/api.w.org\/{rel}","templated":true}]}}