{"id":17478,"date":"2020-08-21T17:00:00","date_gmt":"2020-08-21T15:00:00","guid":{"rendered":"http:\/\/zskarlino.pl\/?p=17478"},"modified":"2020-08-24T11:51:52","modified_gmt":"2020-08-24T09:51:52","slug":"wazna-informacja-od-men-i-gis","status":"publish","type":"post","link":"https:\/\/zskarlino.pl\/?p=17478","title":{"rendered":"Wa\u017cna informacja od MEN i GIS"},"content":{"rendered":"\n<p>Na pro\u015bb\u0119 Ministra Edukacji Narodowej i G\u0142\u00f3wnego Inspektora Sanitarnego przekazuj\u0119 Pa\u0144stwu wsp\u00f3lny list zach\u0119caj\u0105cy do podj\u0119cia okre\u015blonych dzia\u0142a\u0144 zwi\u0105zanych z zapobieganiem rozprzestrzeniania si\u0119 COVID-19.  Poni\u017cej zamieszczam link do listu oraz strony Ministerstwa, gdzie mog\u0105 Pa\u0144stwo znale\u017a\u0107 stosowne informacje.<\/p>\n\n\n\n<p> <a href=\"https:\/\/www.gov.pl\/web\/edukacja\/aplikacja-protego-safe\" target=\"_blank\" rel=\"noopener\">https:\/\/www.gov.pl\/web\/edukacja\/aplikacja-protego-safe<\/a><\/p>\n\n\n\n<figure class=\"wp-block-gallery columns-1 is-cropped wp-block-gallery-1 is-layout-flex wp-block-gallery-is-layout-flex\"><ul class=\"blocks-gallery-grid\"><li class=\"blocks-gallery-item\"><figure><img loading=\"lazy\" decoding=\"async\" width=\"960\" height=\"540\" src=\"http:\/\/zskarlino.pl\/wp-content\/uploads\/2020\/08\/wsp\u00f3lny-list-MEN-i-GIS.jpg\" alt=\"\" data-id=\"17481\" data-full-url=\"http:\/\/zskarlino.pl\/wp-content\/uploads\/2020\/08\/wsp\u00f3lny-list-MEN-i-GIS.jpg\" data-link=\"http:\/\/zskarlino.pl\/?attachment_id=17481\" class=\"wp-image-17481\" srcset=\"https:\/\/zskarlino.pl\/wp-content\/uploads\/2020\/08\/wsp\u00f3lny-list-MEN-i-GIS.jpg 960w, https:\/\/zskarlino.pl\/wp-content\/uploads\/2020\/08\/wsp\u00f3lny-list-MEN-i-GIS-300x169.jpg 300w, https:\/\/zskarlino.pl\/wp-content\/uploads\/2020\/08\/wsp\u00f3lny-list-MEN-i-GIS-768x432.jpg 768w\" sizes=\"auto, (max-width: 960px) 100vw, 960px\" \/><\/figure><\/li><\/ul><\/figure>\n\n\n\n<p>Jednocze\u015bnie zapewniam, \u017ce podejmujemy wiele dzia\u0142a\u0144, w tym opracowujemy stosowne procedury, aby zapewni\u0107 jak najbezpieczniejszy powr\u00f3t m\u0142odzie\u017cy do szko\u0142y 01 wrze\u015bnia. O wszelkich procedurach b\u0119dziecie Pa\u0144stwo informowani w kolejnych dniach.  <\/p>\n\n\n\n<figure class=\"wp-block-image size-large\"><img loading=\"lazy\" decoding=\"async\" width=\"724\" height=\"1024\" src=\"http:\/\/zskarlino.pl\/wp-content\/uploads\/2020\/08\/10zasadbezpieczenstwarodzicplakatinformacyjny-724x1024.jpeg\" alt=\"\" class=\"wp-image-17479\" srcset=\"https:\/\/zskarlino.pl\/wp-content\/uploads\/2020\/08\/10zasadbezpieczenstwarodzicplakatinformacyjny-724x1024.jpeg 724w, https:\/\/zskarlino.pl\/wp-content\/uploads\/2020\/08\/10zasadbezpieczenstwarodzicplakatinformacyjny-212x300.jpeg 212w, https:\/\/zskarlino.pl\/wp-content\/uploads\/2020\/08\/10zasadbezpieczenstwarodzicplakatinformacyjny-768x1086.jpeg 768w, https:\/\/zskarlino.pl\/wp-content\/uploads\/2020\/08\/10zasadbezpieczenstwarodzicplakatinformacyjny-1086x1536.jpeg 1086w, https:\/\/zskarlino.pl\/wp-content\/uploads\/2020\/08\/10zasadbezpieczenstwarodzicplakatinformacyjny-1448x2048.jpeg 1448w, https:\/\/zskarlino.pl\/wp-content\/uploads\/2020\/08\/10zasadbezpieczenstwarodzicplakatinformacyjny-scaled.jpeg 1810w\" sizes=\"auto, (max-width: 724px) 100vw, 724px\" \/><\/figure>\n\n\n\n<figure class=\"wp-block-image size-large\"><img loading=\"lazy\" decoding=\"async\" width=\"724\" height=\"1024\" src=\"http:\/\/zskarlino.pl\/wp-content\/uploads\/2020\/08\/10zasadbezpieczenstwauczenplakatinformacyjny-724x1024.jpeg\" alt=\"\" class=\"wp-image-17480\" srcset=\"https:\/\/zskarlino.pl\/wp-content\/uploads\/2020\/08\/10zasadbezpieczenstwauczenplakatinformacyjny-724x1024.jpeg 724w, https:\/\/zskarlino.pl\/wp-content\/uploads\/2020\/08\/10zasadbezpieczenstwauczenplakatinformacyjny-212x300.jpeg 212w, https:\/\/zskarlino.pl\/wp-content\/uploads\/2020\/08\/10zasadbezpieczenstwauczenplakatinformacyjny-768x1086.jpeg 768w, https:\/\/zskarlino.pl\/wp-content\/uploads\/2020\/08\/10zasadbezpieczenstwauczenplakatinformacyjny-1086x1536.jpeg 1086w, https:\/\/zskarlino.pl\/wp-content\/uploads\/2020\/08\/10zasadbezpieczenstwauczenplakatinformacyjny-1448x2048.jpeg 1448w, https:\/\/zskarlino.pl\/wp-content\/uploads\/2020\/08\/10zasadbezpieczenstwauczenplakatinformacyjny-scaled.jpeg 1810w\" sizes=\"auto, (max-width: 724px) 100vw, 724px\" \/><\/figure>\n","protected":false},"excerpt":{"rendered":"<p>Na pro\u015bb\u0119 Ministra Edukacji Narodowej i G\u0142\u00f3wnego Inspektora Sanitarnego przekazuj\u0119 Pa\u0144stwu wsp\u00f3lny list zach\u0119caj\u0105cy do podj\u0119cia okre\u015blonych dzia\u0142a\u0144 zwi\u0105zanych z zapobieganiem rozprzestrzeniania si\u0119 COVID-19. Poni\u017cej zamieszczam link do listu oraz strony Ministerstwa, gdzie mog\u0105 Pa\u0144stwo znale\u017a\u0107 stosowne informacje. https:\/\/www.gov.pl\/web\/edukacja\/aplikacja-protego-safe Jednocze\u015bnie zapewniam, \u017ce podejmujemy wiele dzia\u0142a\u0144, w tym opracowujemy stosowne procedury, aby zapewni\u0107 jak najbezpieczniejszy powr\u00f3t &hellip; <\/p>\n<p><a class=\"more-link btn\" href=\"https:\/\/zskarlino.pl\/?p=17478\">Czytaj dalej<\/a><\/p>\n","protected":false},"author":8,"featured_media":0,"comment_status":"closed","ping_status":"closed","sticky":false,"template":"","format":"standard","meta":{"footnotes":""},"categories":[3],"tags":[],"class_list":["post-17478","post","type-post","status-publish","format-standard","hentry","category-wydarzenia","item-wrap"],"_links":{"self":[{"href":"https:\/\/zskarlino.pl\/index.php?rest_route=\/wp\/v2\/posts\/17478","targetHints":{"allow":["GET"]}}],"collection":[{"href":"https:\/\/zskarlino.pl\/index.php?rest_route=\/wp\/v2\/posts"}],"about":[{"href":"https:\/\/zskarlino.pl\/index.php?rest_route=\/wp\/v2\/types\/post"}],"author":[{"embeddable":true,"href":"https:\/\/zskarlino.pl\/index.php?rest_route=\/wp\/v2\/users\/8"}],"replies":[{"embeddable":true,"href":"https:\/\/zskarlino.pl\/index.php?rest_route=%2Fwp%2Fv2%2Fcomments&post=17478"}],"version-history":[{"count":2,"href":"https:\/\/zskarlino.pl\/index.php?rest_route=\/wp\/v2\/posts\/17478\/revisions"}],"predecessor-version":[{"id":17488,"href":"https:\/\/zskarlino.pl\/index.php?rest_route=\/wp\/v2\/posts\/17478\/revisions\/17488"}],"wp:attachment":[{"href":"https:\/\/zskarlino.pl\/index.php?rest_route=%2Fwp%2Fv2%2Fmedia&parent=17478"}],"wp:term":[{"taxonomy":"category","embeddable":true,"href":"https:\/\/zskarlino.pl\/index.php?rest_route=%2Fwp%2Fv2%2Fcategories&post=17478"},{"taxonomy":"post_tag","embeddable":true,"href":"https:\/\/zskarlino.pl\/index.php?rest_route=%2Fwp%2Fv2%2Ftags&post=17478"}],"curies":[{"name":"wp","href":"https:\/\/api.w.org\/{rel}","templated":true}]}}