{"id":17419,"date":"2020-06-25T21:11:00","date_gmt":"2020-06-25T19:11:00","guid":{"rendered":"http:\/\/zskarlino.pl\/?p=17419"},"modified":"2020-06-25T23:37:31","modified_gmt":"2020-06-25T21:37:31","slug":"komunikat-ministra-edukacji-narodowej-dotyczacy-praktyk-zawodowych-mlodocianych-pracownikow","status":"publish","type":"post","link":"https:\/\/zskarlino.pl\/?p=17419","title":{"rendered":"Komunikat Ministra Edukacji Narodowej dotycz\u0105cy praktyk zawodowych m\u0142odocianych pracownik\u00f3w"},"content":{"rendered":"\n<p>Zgodnie z dzisiejszym komunikatem MEN (z 25 czerwca 2020r.) od poniedzia\u0142ku 29 czerwca 2020r. uczniowie wszystkich klas Bran\u017cowej Szko\u0142y I stopnia maj\u0105 obowi\u0105zek wr\u00f3ci\u0107 do realizowania praktycznej nauki zawodu u pracodawc\u00f3w. Niestety nie ma jeszcze opublikowanych akt\u00f3w wykonawczych, gdzie mo\u017ce to by\u0107 szczeg\u00f3\u0142owo uregulowane, dlatego zach\u0119camy do \u015bledzenia strony Ministerstwa oraz naszej strony internetowej.<\/p>\n\n\n\n<p>Uczniowie BSI &#8211; prosz\u0119 pilnie skontaktowa\u0107 si\u0119 ze swoimi pracodawcami, w celu ustalenia zasad powrotu do realizowania praktycznej nauki zawodu.  Pami\u0119tajcie r\u00f3wnie\u017c o ci\u0105g\u0142ym zachowaniu re\u017cimu sanitarnego oraz zasad dystansu spo\u0142ecznego.<\/p>\n\n\n\n<p>Poni\u017cej za\u0142\u0105czam link do komunikatu MEN.<\/p>\n\n\n\n<p><a href=\"https:\/\/www.gov.pl\/web\/edukacja\/przywrocenie-zajec-praktycznych-u-pracodawcow-dla-uczniow-branzowych-szkol-i-stopnia-bedacych-mlodocianymi-pracownikami\" target=\"_blank\" rel=\"noopener\">https:\/\/www.gov.pl\/web\/edukacja\/przywrocenie-zajec-praktycznych-u-pracodawcow-dla-uczniow-branzowych-szkol-i-stopnia-bedacych-mlodocianymi-pracownikami<\/a><\/p>\n\n\n\n<p class=\"has-text-align-right\">Justyna Syga<\/p>\n\n\n\n<figure class=\"wp-block-image size-large\"><img loading=\"lazy\" decoding=\"async\" width=\"729\" height=\"308\" src=\"http:\/\/zskarlino.pl\/wp-content\/uploads\/2020\/06\/men.jpg\" alt=\"\" class=\"wp-image-17420\" srcset=\"https:\/\/zskarlino.pl\/wp-content\/uploads\/2020\/06\/men.jpg 729w, https:\/\/zskarlino.pl\/wp-content\/uploads\/2020\/06\/men-300x127.jpg 300w\" sizes=\"auto, (max-width: 729px) 100vw, 729px\" \/><\/figure>\n","protected":false},"excerpt":{"rendered":"<p>Zgodnie z dzisiejszym komunikatem MEN (z 25 czerwca 2020r.) od poniedzia\u0142ku 29 czerwca 2020r. uczniowie wszystkich klas Bran\u017cowej Szko\u0142y I stopnia maj\u0105 obowi\u0105zek wr\u00f3ci\u0107 do realizowania praktycznej nauki zawodu u pracodawc\u00f3w. Niestety nie ma jeszcze opublikowanych akt\u00f3w wykonawczych, gdzie mo\u017ce to by\u0107 szczeg\u00f3\u0142owo uregulowane, dlatego zach\u0119camy do \u015bledzenia strony Ministerstwa oraz naszej strony internetowej. Uczniowie &hellip; <\/p>\n<p><a class=\"more-link btn\" href=\"https:\/\/zskarlino.pl\/?p=17419\">Czytaj dalej<\/a><\/p>\n","protected":false},"author":8,"featured_media":17420,"comment_status":"closed","ping_status":"closed","sticky":false,"template":"","format":"standard","meta":{"footnotes":""},"categories":[3],"tags":[],"class_list":["post-17419","post","type-post","status-publish","format-standard","has-post-thumbnail","hentry","category-wydarzenia","item-wrap"],"_links":{"self":[{"href":"https:\/\/zskarlino.pl\/index.php?rest_route=\/wp\/v2\/posts\/17419","targetHints":{"allow":["GET"]}}],"collection":[{"href":"https:\/\/zskarlino.pl\/index.php?rest_route=\/wp\/v2\/posts"}],"about":[{"href":"https:\/\/zskarlino.pl\/index.php?rest_route=\/wp\/v2\/types\/post"}],"author":[{"embeddable":true,"href":"https:\/\/zskarlino.pl\/index.php?rest_route=\/wp\/v2\/users\/8"}],"replies":[{"embeddable":true,"href":"https:\/\/zskarlino.pl\/index.php?rest_route=%2Fwp%2Fv2%2Fcomments&post=17419"}],"version-history":[{"count":2,"href":"https:\/\/zskarlino.pl\/index.php?rest_route=\/wp\/v2\/posts\/17419\/revisions"}],"predecessor-version":[{"id":17422,"href":"https:\/\/zskarlino.pl\/index.php?rest_route=\/wp\/v2\/posts\/17419\/revisions\/17422"}],"wp:featuredmedia":[{"embeddable":true,"href":"https:\/\/zskarlino.pl\/index.php?rest_route=\/wp\/v2\/media\/17420"}],"wp:attachment":[{"href":"https:\/\/zskarlino.pl\/index.php?rest_route=%2Fwp%2Fv2%2Fmedia&parent=17419"}],"wp:term":[{"taxonomy":"category","embeddable":true,"href":"https:\/\/zskarlino.pl\/index.php?rest_route=%2Fwp%2Fv2%2Fcategories&post=17419"},{"taxonomy":"post_tag","embeddable":true,"href":"https:\/\/zskarlino.pl\/index.php?rest_route=%2Fwp%2Fv2%2Ftags&post=17419"}],"curies":[{"name":"wp","href":"https:\/\/api.w.org\/{rel}","templated":true}]}}