{"id":17385,"date":"2020-06-22T11:48:46","date_gmt":"2020-06-22T09:48:46","guid":{"rendered":"http:\/\/zskarlino.pl\/?p=17385"},"modified":"2020-06-25T11:20:33","modified_gmt":"2020-06-25T09:20:33","slug":"organizacja-zakonczenia-roku-szkolnego-2019-20","status":"publish","type":"post","link":"https:\/\/zskarlino.pl\/?p=17385","title":{"rendered":"Organizacja Zako\u0144czenia Roku Szkolnego 2019\/20"},"content":{"rendered":"\n<p><span class=\"has-inline-color has-vivid-red-color\">AKTUALIZACJA 25.06.2020!<\/span><\/p>\n\n\n\n<p>Kochani Uczniowie!<\/p>\n\n\n\n<p>Wierzymy, \u017ce jeszcze b\u0119dziemy mieli wiele okazji do wsp\u00f3lnego \u015bwi\u0119towania, ale w tym roku szkolnym jego zako\u0144czenie niestety b\u0119dzie inne. Chcia\u0142abym jednak, aby\u015bcie mogli spotka\u0107 si\u0119 z Waszymi wychowawcami z zachowaniem zasad bezpiecze\u0144stwa, do kt\u00f3rych ju\u017c przywykli\u015bcie. <br>Poni\u017cej przedstawiam harmonogram spotka\u0144 zespo\u0142\u00f3w klasowych w dniu 26 czerwca 2020r. Bardzo prosz\u0119 przestrzega\u0107 godzin przyj\u015bcia oraz wyznaczonych wej\u015b\u0107 do szko\u0142y. W szkole oraz w jej pobli\u017cu obowi\u0105zuje zakaz gromadzenia si\u0119. <\/p>\n\n\n\n<p>W zwi\u0105zku z organizacj\u0105 egzamin\u00f3w zawodowych wymuszaj\u0105cych <strong>ograniczenie dzia\u0142alno\u015bci szkolnego sekretariatu w dniach 22.06-02.07<\/strong> &#8211; wszelkie pilne sprawy do za\u0142atwienia w sekretariacie prosz\u0119 wcze\u015bniej umawia\u0107 telefonicznie.<\/p>\n\n\n\n<p class=\"has-text-align-center\"><strong>HARMONOGRAM SPOTKA\u0143 Z WYCHOWAWCAMI \/ ROZDANIE \u015aWIADECTW<\/strong><\/p>\n\n\n\n<figure class=\"wp-block-table\"><table><tbody><tr><td class=\"has-text-align-center\" data-align=\"center\"><strong>Godzina<\/strong><\/td><td class=\"has-text-align-center\" data-align=\"center\"><strong>bia\u0142e drzwi&nbsp;na wprost sekretariatu\/<\/strong> <br><strong><em>sala nr 3<\/em><\/strong><\/td><td class=\"has-text-align-center\" data-align=\"center\">&nbsp; <strong>g\u0142\u00f3wne wej\u015bcie<\/strong> <br><strong><em>sala nr 5<\/em><\/strong><\/td><td class=\"has-text-align-center\" data-align=\"center\"><strong>wej\u015bcie od strony boiska \/internat\/<\/strong><br><strong><em>sala rysunku technicznego<\/em><\/strong><\/td><td>&nbsp;<\/td><\/tr><tr><td class=\"has-text-align-center\" data-align=\"center\"><strong>9:00<\/strong><\/td><td class=\"has-text-align-center\" data-align=\"center\"><strong>1 TM a<\/strong><\/td><td class=\"has-text-align-center\" data-align=\"center\"><strong>1 TM b<\/strong><\/td><td class=\"has-text-align-center\" data-align=\"center\"><strong>1 TG a<\/strong><\/td><\/tr><tr><td class=\"has-text-align-center\" data-align=\"center\"><strong>10:00<\/strong><\/td><td class=\"has-text-align-center\" data-align=\"center\"><strong>2 BSI<\/strong><\/td><td class=\"has-text-align-center\" data-align=\"center\"><strong>1 TG b<\/strong><\/td><td class=\"has-text-align-center\" data-align=\"center\"><strong>3 BSI<\/strong><\/td><\/tr><tr><td class=\"has-text-align-center\" data-align=\"center\"><strong>11:00<\/strong><\/td><td class=\"has-text-align-center\" data-align=\"center\"><strong>1 BSI b<\/strong><\/td><td class=\"has-text-align-center\" data-align=\"center\"><span class=\"has-inline-color has-vivid-red-color\"><strong><s>3 TM<\/s><\/strong> \/ <strong>1 BSIa<\/strong><\/span><\/td><td class=\"has-text-align-center\" data-align=\"center\"><strong>2 TM<\/strong><\/td><\/tr><tr><td class=\"has-text-align-center\" data-align=\"center\"><\/td><td class=\"has-text-align-center\" data-align=\"center\"><strong>&nbsp;<\/strong><\/td><td class=\"has-text-align-center\" data-align=\"center\"><\/td><td class=\"has-text-align-center\" data-align=\"center\"><strong>&nbsp;<\/strong><\/td><\/tr><\/tbody><\/table><\/figure>\n\n\n\n<p class=\"has-text-align-center\"><span class=\"has-inline-color has-vivid-red-color\"><strong>UWAGA! Klasa I BSIc, III TM oraz uczniowie, kt\u00f3rzy nie odbior\u0105 \u015bwiadectw w dniu 26 czerwca 2020, b\u0119d\u0105 mieli tak\u0105 mo\u017cliwo\u015b\u0107 na spotkaniach z wychowawcami we wrze\u015bniu 2020.<\/strong> <\/span><\/p>\n\n\n\n<p>Przypominam o zachowaniu zasad bezpiecze\u0144stwa zwi\u0105zanych z pandemi\u0105- obowi\u0105zuj\u0105 takie same procedury, jak podczas konsultacji, czy egzamin\u00f3w. Poni\u017cej przypominam najwa\u017cniejsze zasady.<\/p>\n\n\n\n<p>1. Do szko\u0142y mo\u017ce przyj\u015b\u0107 ucze\u0144 zdrowy, bez objaw\u00f3w sugeruj\u0105cych chorob\u0119 zaka\u017an\u0105, nie obj\u0119ty kwarantann\u0105, kt\u00f3ry w ci\u0105gu ostatnich 14 dni nie mia\u0142 kontaktu z osob\u0105 chor\u0105 na COVID, lub obj\u0119t\u0105 obowi\u0105zkiem kwarantanny<\/p>\n\n\n\n<p>2. W szkole obowi\u0105zuje nakaz zas\u0142aniania ust i nosa \u2013 maseczka\/przy\u0142bica<\/p>\n\n\n\n<p>3. Przy wej\u015bciu do szko\u0142y nale\u017cy zdezynfekowa\u0107 r\u0119ce.<\/p>\n\n\n\n<p>4. Przed wej\u015bciem do szko\u0142y oraz po wej\u015bciu do niej nale\u017cy zachowa\u0107 dystans min. 1,5m od innych os\u00f3b, unikamy podawania r\u0105k na powitanie<\/p>\n\n\n\n<p>5. Wychowawcy wr\u0119czaj\u0105 \u015bwiadectwa w r\u0119kawiczkach<\/p>\n\n\n\n<p>6. Przed i po spotkaniu z wychowawc\u0105 &nbsp;nie wolno gromadzi\u0107 si\u0119, nale\u017cy uda\u0107 si\u0119 do domu zachowuj\u0105c zasady dystansu spo\u0142ecznego.<\/p>\n\n\n\n<p>Zadbajmy, aby by\u0142o naprawd\u0119 bezpiecznie.<\/p>\n\n\n\n<figure class=\"wp-block-image size-large\"><img loading=\"lazy\" decoding=\"async\" width=\"236\" height=\"230\" src=\"http:\/\/zskarlino.pl\/wp-content\/uploads\/2020\/06\/koniczynka.jpg\" alt=\"\" class=\"wp-image-17392\"\/><\/figure>\n\n\n\n<p class=\"has-text-align-right\"><em>Justyna Syga<\/em><\/p>\n","protected":false},"excerpt":{"rendered":"<p>AKTUALIZACJA 25.06.2020! Kochani Uczniowie! Wierzymy, \u017ce jeszcze b\u0119dziemy mieli wiele okazji do wsp\u00f3lnego \u015bwi\u0119towania, ale w tym roku szkolnym jego zako\u0144czenie niestety b\u0119dzie inne. Chcia\u0142abym jednak, aby\u015bcie mogli spotka\u0107 si\u0119 z Waszymi wychowawcami z zachowaniem zasad bezpiecze\u0144stwa, do kt\u00f3rych ju\u017c przywykli\u015bcie. Poni\u017cej przedstawiam harmonogram spotka\u0144 zespo\u0142\u00f3w klasowych w dniu 26 czerwca 2020r. Bardzo prosz\u0119 przestrzega\u0107 &hellip; <\/p>\n<p><a class=\"more-link btn\" href=\"https:\/\/zskarlino.pl\/?p=17385\">Czytaj dalej<\/a><\/p>\n","protected":false},"author":8,"featured_media":15630,"comment_status":"closed","ping_status":"closed","sticky":false,"template":"","format":"standard","meta":{"footnotes":""},"categories":[3],"tags":[],"class_list":["post-17385","post","type-post","status-publish","format-standard","has-post-thumbnail","hentry","category-wydarzenia","item-wrap"],"_links":{"self":[{"href":"https:\/\/zskarlino.pl\/index.php?rest_route=\/wp\/v2\/posts\/17385","targetHints":{"allow":["GET"]}}],"collection":[{"href":"https:\/\/zskarlino.pl\/index.php?rest_route=\/wp\/v2\/posts"}],"about":[{"href":"https:\/\/zskarlino.pl\/index.php?rest_route=\/wp\/v2\/types\/post"}],"author":[{"embeddable":true,"href":"https:\/\/zskarlino.pl\/index.php?rest_route=\/wp\/v2\/users\/8"}],"replies":[{"embeddable":true,"href":"https:\/\/zskarlino.pl\/index.php?rest_route=%2Fwp%2Fv2%2Fcomments&post=17385"}],"version-history":[{"count":10,"href":"https:\/\/zskarlino.pl\/index.php?rest_route=\/wp\/v2\/posts\/17385\/revisions"}],"predecessor-version":[{"id":17418,"href":"https:\/\/zskarlino.pl\/index.php?rest_route=\/wp\/v2\/posts\/17385\/revisions\/17418"}],"wp:featuredmedia":[{"embeddable":true,"href":"https:\/\/zskarlino.pl\/index.php?rest_route=\/wp\/v2\/media\/15630"}],"wp:attachment":[{"href":"https:\/\/zskarlino.pl\/index.php?rest_route=%2Fwp%2Fv2%2Fmedia&parent=17385"}],"wp:term":[{"taxonomy":"category","embeddable":true,"href":"https:\/\/zskarlino.pl\/index.php?rest_route=%2Fwp%2Fv2%2Fcategories&post=17385"},{"taxonomy":"post_tag","embeddable":true,"href":"https:\/\/zskarlino.pl\/index.php?rest_route=%2Fwp%2Fv2%2Ftags&post=17385"}],"curies":[{"name":"wp","href":"https:\/\/api.w.org\/{rel}","templated":true}]}}