{"id":17379,"date":"2020-06-20T01:34:12","date_gmt":"2020-06-19T23:34:12","guid":{"rendered":"http:\/\/zskarlino.pl\/?p=17379"},"modified":"2020-06-22T11:48:04","modified_gmt":"2020-06-22T09:48:04","slug":"informacja-dyrektora-na-temat-harmonogramu-przeprowadzenia-egzaminow-zawodowych","status":"publish","type":"post","link":"https:\/\/zskarlino.pl\/?p=17379","title":{"rendered":"Informacja Dyrektora na temat Harmonogramu przeprowadzenia Egzamin\u00f3w Zawodowych"},"content":{"rendered":"\n<p>Drodzy Uczniowie!<\/p>\n\n\n\n<p>Ju\u017c w najbli\u017cszy&nbsp;<strong>wtorek 23 czerwca<\/strong> rozpoczynamy sesj\u0119 egzamin\u00f3w zawodowych od egzaminu teoretycznego &#8211; pisemnego.<\/p>\n\n\n\n<p><img loading=\"lazy\" decoding=\"async\" width=\"55\" height=\"60\" src=\"\"><img loading=\"lazy\" decoding=\"async\" width=\"55\" height=\"60\" src=\"\"><img loading=\"lazy\" decoding=\"async\" width=\"55\" height=\"60\" src=\"\">Procedury (w tym zwi\u0105zane z zapobieganiem COVID-19), harmonogram oraz wskaz\u00f3wki dotycz\u0105ce zar\u00f3wno egzaminu w cz\u0119\u015bci teoretycznej, jak i praktycznej znajduj\u0105 si\u0119 w zak\u0142adce: EGZAMIN ZAWODOWY na naszej stronie internetowej. Zach\u0119cam do uwa\u017cnego zapoznania si\u0119 ze szczeg\u00f3\u0142ami tam przedstawionymi.<\/p>\n\n\n\n<p>Przypominam, \u017ce <strong>egzamin pisemny<\/strong> odbywa si\u0119 w wersji elektronicznej, czyli z wykorzystaniem naszych zasob\u00f3w komputerowych \u2013 w tym roku w sali rysunku technicznego. <br>Wszyscy uczniowie przybywaj\u0105 na 30 minut przed godzin\u0105 egzaminu! (Nie zapomnijcie o dowodzie osobistym\/legitymacji, d\u0142ugopisie z czarnym wk\u0142adem, kalkulatorze prostym, r\u0119kawiczkach i maseczce). <br>Zaleca si\u0119 zabranie TYLKO wy\u017cej wymienionych przedmiot\u00f3w.<\/p>\n\n\n\n<figure class=\"wp-block-table is-style-stripes\"><table><tbody><tr><td class=\"has-text-align-center\" data-align=\"center\"><strong>Godzina wej\u015bcia do szko\u0142y<\/strong><\/td><td class=\"has-text-align-center\" data-align=\"center\"><strong>UCZNIOWIE<\/strong><\/td><td class=\"has-text-align-center\" data-align=\"center\"><strong>WEJ\u015aCIE DO SZKO\u0141Y<\/strong><\/td><td class=\"has-text-align-center\" data-align=\"center\"><strong>MIEJSCE OCZEKIWANIA NA EGZAMIN (instrukta\u017c)<\/strong><\/td><\/tr><tr><td class=\"has-text-align-center\" data-align=\"center\"><strong>7.30<\/strong><\/td><td class=\"has-text-align-center\" data-align=\"center\"><strong>III BSI<\/strong><\/td><td class=\"has-text-align-center\" data-align=\"center\"><span class=\"has-inline-color has-vivid-green-cyan-color\">WEJ\u015aCIE OD BOISKA \u2013 INTERNAT<\/span><\/td><td class=\"has-text-align-center\" data-align=\"center\">Hol przed sal\u0105 rysunku technicznego<\/td><\/tr><tr><td class=\"has-text-align-center\" data-align=\"center\"><strong>11.30<\/strong><\/td><td class=\"has-text-align-center\" data-align=\"center\"><strong>III TM<\/strong> UCZNIOWIE NR W DZIENNIKU <strong>1 \u2013 9<\/strong><\/td><td class=\"has-text-align-center\" data-align=\"center\"><span class=\"has-inline-color has-vivid-green-cyan-color\">WEJ\u015aCIE OD BOISKA \u2013 INTERNAT<\/span><\/td><td class=\"has-text-align-center\" data-align=\"center\">Hol przed sal\u0105 rysunku technicznego<\/td><\/tr><tr><td class=\"has-text-align-center\" data-align=\"center\"><strong>11.30<\/strong><\/td><td class=\"has-text-align-center\" data-align=\"center\"><strong>III TM <\/strong>UCZNIOWIE NR W DZIENNIKU <strong>10 &#8211; 17<\/strong><\/td><td class=\"has-text-align-center\" data-align=\"center\"><span class=\"has-inline-color has-luminous-vivid-orange-color\">G\u0141\u00d3WNE WEJ\u015aCIE DO SZKO\u0141Y OD <\/span><br><span class=\"has-inline-color has-luminous-vivid-orange-color\">UL. KS. BRZ\u00d3SKI<\/span><\/td><td class=\"has-text-align-center\" data-align=\"center\"><br>Sala nr 5<\/td><\/tr><\/tbody><\/table><\/figure>\n\n\n\n<p>Zachowujemy zasady bezpiecze\u0144stwa zwi\u0105zane z zapobieganiem COVID-19<br>1. &nbsp;Przy wej\u015bciu nale\u017cy zdezynfekowa\u0107 r\u0119ce oraz z\u0142o\u017cy\u0107 odpowiednie o\u015bwiadczenie (wz\u00f3r poni\u017cej)<br>2. Prosz\u0119 bezwzgl\u0119dnie nie wnosi\u0107 telefon\u00f3w i innych niepotrzebnych przedmiot\u00f3w na teren szko\u0142y. Pracownik obs\u0142ugi wyznaczy miejsce, gdzie b\u0119dzie mo\u017cna pozostawi\u0107 swoje rzeczy osobiste.<br>3. Przed, podczas i po egzaminie stosujemy si\u0119 bezwzgl\u0119dnie do polece\u0144 cz\u0142onk\u00f3w Zespo\u0142u Nadzoruj\u0105cego. &nbsp; <\/p>\n\n\n\n<p>Szczeg\u00f3\u0142owy HARMONOGRAM EGZAMIN\u00d3W W CZ\u0118\u015aCI PRAKTYCZNEJ znajduje si\u0119 w zak\u0142adce dotycz\u0105cej egzamin\u00f3w. <\/p>\n\n\n\n<p><a rel=\"noreferrer noopener\" href=\"http:\/\/zskarlino.pl\/?page_id=11021\" target=\"_blank\">http:\/\/zskarlino.pl\/?page_id=11021<\/a> <\/p>\n\n\n\n<div class=\"wp-block-group\"><div class=\"wp-block-group__inner-container is-layout-flow wp-block-group-is-layout-flow\">\n<div class=\"wp-block-file\"><a href=\"http:\/\/zskarlino.pl\/wp-content\/uploads\/2020\/06\/o\u015bwiadczenie-egzamin-zawodowy_COVID.pdf\">o\u015bwiadczenie-egzamin-zawodowy_COVID<\/a><a href=\"http:\/\/zskarlino.pl\/wp-content\/uploads\/2020\/06\/o\u015bwiadczenie-egzamin-zawodowy_COVID.pdf\" class=\"wp-block-file__button\" download>Pobierz<\/a><\/div>\n<\/div><\/div>\n\n\n\n<figure class=\"wp-block-image size-large\"><img loading=\"lazy\" decoding=\"async\" width=\"800\" height=\"302\" src=\"http:\/\/zskarlino.pl\/wp-content\/uploads\/2020\/05\/Zawodowy-1.jpg\" alt=\"\" class=\"wp-image-15840\" srcset=\"https:\/\/zskarlino.pl\/wp-content\/uploads\/2020\/05\/Zawodowy-1.jpg 800w, https:\/\/zskarlino.pl\/wp-content\/uploads\/2020\/05\/Zawodowy-1-300x113.jpg 300w, https:\/\/zskarlino.pl\/wp-content\/uploads\/2020\/05\/Zawodowy-1-768x290.jpg 768w\" sizes=\"auto, (max-width: 800px) 100vw, 800px\" \/><\/figure>\n\n\n\n<p class=\"has-text-align-right\">Justyna Syga<\/p>\n","protected":false},"excerpt":{"rendered":"<p>Drodzy Uczniowie! Ju\u017c w najbli\u017cszy&nbsp;wtorek 23 czerwca rozpoczynamy sesj\u0119 egzamin\u00f3w zawodowych od egzaminu teoretycznego &#8211; pisemnego. Procedury (w tym zwi\u0105zane z zapobieganiem COVID-19), harmonogram oraz wskaz\u00f3wki dotycz\u0105ce zar\u00f3wno egzaminu w cz\u0119\u015bci teoretycznej, jak i praktycznej znajduj\u0105 si\u0119 w zak\u0142adce: EGZAMIN ZAWODOWY na naszej stronie internetowej. Zach\u0119cam do uwa\u017cnego zapoznania si\u0119 ze szczeg\u00f3\u0142ami tam przedstawionymi. Przypominam, &hellip; <\/p>\n<p><a class=\"more-link btn\" href=\"https:\/\/zskarlino.pl\/?p=17379\">Czytaj dalej<\/a><\/p>\n","protected":false},"author":8,"featured_media":15840,"comment_status":"closed","ping_status":"closed","sticky":false,"template":"","format":"standard","meta":{"footnotes":""},"categories":[3],"tags":[],"class_list":["post-17379","post","type-post","status-publish","format-standard","has-post-thumbnail","hentry","category-wydarzenia","item-wrap"],"_links":{"self":[{"href":"https:\/\/zskarlino.pl\/index.php?rest_route=\/wp\/v2\/posts\/17379","targetHints":{"allow":["GET"]}}],"collection":[{"href":"https:\/\/zskarlino.pl\/index.php?rest_route=\/wp\/v2\/posts"}],"about":[{"href":"https:\/\/zskarlino.pl\/index.php?rest_route=\/wp\/v2\/types\/post"}],"author":[{"embeddable":true,"href":"https:\/\/zskarlino.pl\/index.php?rest_route=\/wp\/v2\/users\/8"}],"replies":[{"embeddable":true,"href":"https:\/\/zskarlino.pl\/index.php?rest_route=%2Fwp%2Fv2%2Fcomments&post=17379"}],"version-history":[{"count":6,"href":"https:\/\/zskarlino.pl\/index.php?rest_route=\/wp\/v2\/posts\/17379\/revisions"}],"predecessor-version":[{"id":17396,"href":"https:\/\/zskarlino.pl\/index.php?rest_route=\/wp\/v2\/posts\/17379\/revisions\/17396"}],"wp:featuredmedia":[{"embeddable":true,"href":"https:\/\/zskarlino.pl\/index.php?rest_route=\/wp\/v2\/media\/15840"}],"wp:attachment":[{"href":"https:\/\/zskarlino.pl\/index.php?rest_route=%2Fwp%2Fv2%2Fmedia&parent=17379"}],"wp:term":[{"taxonomy":"category","embeddable":true,"href":"https:\/\/zskarlino.pl\/index.php?rest_route=%2Fwp%2Fv2%2Fcategories&post=17379"},{"taxonomy":"post_tag","embeddable":true,"href":"https:\/\/zskarlino.pl\/index.php?rest_route=%2Fwp%2Fv2%2Ftags&post=17379"}],"curies":[{"name":"wp","href":"https:\/\/api.w.org\/{rel}","templated":true}]}}