{"id":16858,"date":"2020-06-04T18:04:25","date_gmt":"2020-06-04T16:04:25","guid":{"rendered":"http:\/\/zskarlino.pl\/?p=16858"},"modified":"2020-06-04T19:38:23","modified_gmt":"2020-06-04T17:38:23","slug":"informacja-ministra-edukacji-narodowej-dotyczaca-organizacji-roku-szkolnego","status":"publish","type":"post","link":"https:\/\/zskarlino.pl\/?p=16858","title":{"rendered":"Informacja Ministra Edukacji Narodowej &#8211; organizacja roku szkolnego"},"content":{"rendered":"\n<p><strong>Minister Edukacji Narodowej podpisa\u0142 nowelizacj\u0119 rozporz\u0105dzenia w zakresie<\/strong> <strong>przed\u0142u\u017cenia przerwy w nauczaniu stacjonarnym w jednostkach systemu o\u015bwiaty<strong> do 26 czerwca br.<\/strong> Nauka b\u0119dzie nadal odbywa\u0142a si\u0119 za pomoc\u0105 technik kszta\u0142cenia na odleg\u0142o\u015b\u0107. <\/strong> <\/p>\n\n\n\n<p>Niezale\u017cnie od powy\u017cszego w Zespole Szk\u00f3\u0142 w Karlinie umo\u017cliwiamy uczniom uczestniczenie w konsultacjach stacjonarnych na terenie szko\u0142y, kt\u00f3re odbywaj\u0105 si\u0119 zgodnie z zatwierdzonym przez dyrektora harmonogramem. Wszyscy zainteresowani uczniowie na bie\u017c\u0105co zg\u0142aszaj\u0105 swoje potrzeby wychowawcom. W zwi\u0105zku z zaleceniami MEN, MZ, GIS oraz CKE podczas egzamin\u00f3w maturalnych konsultacje dla uczni\u00f3w b\u0119d\u0105 realizowane w bardzo ograniczonym zakresie. <\/p>\n\n\n\n<p>Szczeg\u00f3\u0142owe informacje na temat nowelizacji rozporz\u0105dzenia znajduj\u0105 si\u0119 na stronie internetowej ministerstwa, do kt\u00f3rej podajemy link poni\u017cej:<\/p>\n\n\n\n<p> <a href=\"https:\/\/www.gov.pl\/web\/edukacja\/nauka-zdalna-do-26-czerwca\" target=\"_blank\" rel=\"noopener\">https:\/\/www.gov.pl\/web\/edukacja\/nauka-zdalna-do-26-czerwca<\/a><\/p>\n\n\n\n<figure class=\"wp-block-image size-large\"><img loading=\"lazy\" decoding=\"async\" width=\"729\" height=\"308\" src=\"http:\/\/zskarlino.pl\/wp-content\/uploads\/2020\/06\/MEN_kszt\u0142acenie-na-odleg\u0142o\u015b\u0107.jpg\" alt=\"\" class=\"wp-image-16859\" srcset=\"https:\/\/zskarlino.pl\/wp-content\/uploads\/2020\/06\/MEN_kszt\u0142acenie-na-odleg\u0142o\u015b\u0107.jpg 729w, https:\/\/zskarlino.pl\/wp-content\/uploads\/2020\/06\/MEN_kszt\u0142acenie-na-odleg\u0142o\u015b\u0107-300x127.jpg 300w\" sizes=\"auto, (max-width: 729px) 100vw, 729px\" \/><\/figure>\n\n\n\n<p><\/p>\n","protected":false},"excerpt":{"rendered":"<p>Minister Edukacji Narodowej podpisa\u0142 nowelizacj\u0119 rozporz\u0105dzenia w zakresie przed\u0142u\u017cenia przerwy w nauczaniu stacjonarnym w jednostkach systemu o\u015bwiaty do 26 czerwca br. Nauka b\u0119dzie nadal odbywa\u0142a si\u0119 za pomoc\u0105 technik kszta\u0142cenia na odleg\u0142o\u015b\u0107. Niezale\u017cnie od powy\u017cszego w Zespole Szk\u00f3\u0142 w Karlinie umo\u017cliwiamy uczniom uczestniczenie w konsultacjach stacjonarnych na terenie szko\u0142y, kt\u00f3re odbywaj\u0105 si\u0119 zgodnie z zatwierdzonym &hellip; <\/p>\n<p><a class=\"more-link btn\" href=\"https:\/\/zskarlino.pl\/?p=16858\">Czytaj dalej<\/a><\/p>\n","protected":false},"author":8,"featured_media":16859,"comment_status":"closed","ping_status":"closed","sticky":false,"template":"","format":"standard","meta":{"footnotes":""},"categories":[3],"tags":[],"class_list":["post-16858","post","type-post","status-publish","format-standard","has-post-thumbnail","hentry","category-wydarzenia","item-wrap"],"_links":{"self":[{"href":"https:\/\/zskarlino.pl\/index.php?rest_route=\/wp\/v2\/posts\/16858","targetHints":{"allow":["GET"]}}],"collection":[{"href":"https:\/\/zskarlino.pl\/index.php?rest_route=\/wp\/v2\/posts"}],"about":[{"href":"https:\/\/zskarlino.pl\/index.php?rest_route=\/wp\/v2\/types\/post"}],"author":[{"embeddable":true,"href":"https:\/\/zskarlino.pl\/index.php?rest_route=\/wp\/v2\/users\/8"}],"replies":[{"embeddable":true,"href":"https:\/\/zskarlino.pl\/index.php?rest_route=%2Fwp%2Fv2%2Fcomments&post=16858"}],"version-history":[{"count":2,"href":"https:\/\/zskarlino.pl\/index.php?rest_route=\/wp\/v2\/posts\/16858\/revisions"}],"predecessor-version":[{"id":16863,"href":"https:\/\/zskarlino.pl\/index.php?rest_route=\/wp\/v2\/posts\/16858\/revisions\/16863"}],"wp:featuredmedia":[{"embeddable":true,"href":"https:\/\/zskarlino.pl\/index.php?rest_route=\/wp\/v2\/media\/16859"}],"wp:attachment":[{"href":"https:\/\/zskarlino.pl\/index.php?rest_route=%2Fwp%2Fv2%2Fmedia&parent=16858"}],"wp:term":[{"taxonomy":"category","embeddable":true,"href":"https:\/\/zskarlino.pl\/index.php?rest_route=%2Fwp%2Fv2%2Fcategories&post=16858"},{"taxonomy":"post_tag","embeddable":true,"href":"https:\/\/zskarlino.pl\/index.php?rest_route=%2Fwp%2Fv2%2Ftags&post=16858"}],"curies":[{"name":"wp","href":"https:\/\/api.w.org\/{rel}","templated":true}]}}