{"id":16714,"date":"2020-06-02T14:35:48","date_gmt":"2020-06-02T12:35:48","guid":{"rendered":"http:\/\/zskarlino.pl\/?p=16714"},"modified":"2020-06-04T18:06:52","modified_gmt":"2020-06-04T16:06:52","slug":"partnerskie-spotkanie-erasmuskow","status":"publish","type":"post","link":"https:\/\/zskarlino.pl\/?p=16714","title":{"rendered":"Partnerskie spotkanie zwi\u0105zane z realizacj\u0105 projektu &#8222;Two Faces of Technology. Isolation &#038; Opportunities&#8221; w ramach Erasmus+"},"content":{"rendered":"\n<p>Dnia 1 czerwca 2020 roku odby\u0142a si\u0119 kolejna ju\u017c online konferencja naszej grupy projektowej. W spotkaniu uczestniczyli wszyscy partnerzy z Polski, Turcji, Czech, W\u0142och i Hiszpanii. Tym razem tematem przewodnim by\u0142o om\u00f3wienie zaistnia\u0142ej sytuacji oraz zmian w projekcie spowodowanych kwarantann\u0105, podsumowanie naszej dotychczasowej pracy, promocja oraz dzia\u0142ania przeprowadzone przez nas w trakcie zdalnego nauczania oraz wytyczne dotycz\u0105ce sporz\u0105dzenia raportu z I cz\u0119\u015bci naszej pracy.<\/p>\n\n\n\n<p class=\"has-text-align-right\">Renata Piszak-Walczykowska<\/p>\n\n\n\n<figure class=\"wp-block-image size-large is-resized\"><img loading=\"lazy\" decoding=\"async\" src=\"http:\/\/zskarlino.pl\/wp-content\/uploads\/2020\/06\/erasmus-conference-512x1024.jpg\" alt=\"\" class=\"wp-image-16690\" width=\"293\" height=\"586\" srcset=\"https:\/\/zskarlino.pl\/wp-content\/uploads\/2020\/06\/erasmus-conference-512x1024.jpg 512w, https:\/\/zskarlino.pl\/wp-content\/uploads\/2020\/06\/erasmus-conference-150x300.jpg 150w, https:\/\/zskarlino.pl\/wp-content\/uploads\/2020\/06\/erasmus-conference.jpg 640w\" sizes=\"auto, (max-width: 293px) 100vw, 293px\" \/><\/figure>\n\n\n\n<figure class=\"wp-block-image size-large\"><img loading=\"lazy\" decoding=\"async\" width=\"1024\" height=\"663\" src=\"http:\/\/zskarlino.pl\/wp-content\/uploads\/2020\/06\/spotkanie-robocze-Erasmus-01czerwca-1024x663.png\" alt=\"\" class=\"wp-image-16861\" srcset=\"https:\/\/zskarlino.pl\/wp-content\/uploads\/2020\/06\/spotkanie-robocze-Erasmus-01czerwca-1024x663.png 1024w, https:\/\/zskarlino.pl\/wp-content\/uploads\/2020\/06\/spotkanie-robocze-Erasmus-01czerwca-300x194.png 300w, https:\/\/zskarlino.pl\/wp-content\/uploads\/2020\/06\/spotkanie-robocze-Erasmus-01czerwca-768x497.png 768w, https:\/\/zskarlino.pl\/wp-content\/uploads\/2020\/06\/spotkanie-robocze-Erasmus-01czerwca-1536x994.png 1536w, https:\/\/zskarlino.pl\/wp-content\/uploads\/2020\/06\/spotkanie-robocze-Erasmus-01czerwca.png 1551w\" sizes=\"auto, (max-width: 1024px) 100vw, 1024px\" \/><\/figure>\n\n\n\n<p><\/p>\n","protected":false},"excerpt":{"rendered":"<p>Dnia 1 czerwca 2020 roku odby\u0142a si\u0119 kolejna ju\u017c online konferencja naszej grupy projektowej. W spotkaniu uczestniczyli wszyscy partnerzy z Polski, Turcji, Czech, W\u0142och i Hiszpanii. Tym razem tematem przewodnim by\u0142o om\u00f3wienie zaistnia\u0142ej sytuacji oraz zmian w projekcie spowodowanych kwarantann\u0105, podsumowanie naszej dotychczasowej pracy, promocja oraz dzia\u0142ania przeprowadzone przez nas w trakcie zdalnego nauczania oraz &hellip; <\/p>\n<p><a class=\"more-link btn\" href=\"https:\/\/zskarlino.pl\/?p=16714\">Czytaj dalej<\/a><\/p>\n","protected":false},"author":6,"featured_media":11151,"comment_status":"closed","ping_status":"closed","sticky":false,"template":"","format":"standard","meta":{"footnotes":""},"categories":[3],"tags":[],"class_list":["post-16714","post","type-post","status-publish","format-standard","has-post-thumbnail","hentry","category-wydarzenia","item-wrap"],"_links":{"self":[{"href":"https:\/\/zskarlino.pl\/index.php?rest_route=\/wp\/v2\/posts\/16714","targetHints":{"allow":["GET"]}}],"collection":[{"href":"https:\/\/zskarlino.pl\/index.php?rest_route=\/wp\/v2\/posts"}],"about":[{"href":"https:\/\/zskarlino.pl\/index.php?rest_route=\/wp\/v2\/types\/post"}],"author":[{"embeddable":true,"href":"https:\/\/zskarlino.pl\/index.php?rest_route=\/wp\/v2\/users\/6"}],"replies":[{"embeddable":true,"href":"https:\/\/zskarlino.pl\/index.php?rest_route=%2Fwp%2Fv2%2Fcomments&post=16714"}],"version-history":[{"count":5,"href":"https:\/\/zskarlino.pl\/index.php?rest_route=\/wp\/v2\/posts\/16714\/revisions"}],"predecessor-version":[{"id":16862,"href":"https:\/\/zskarlino.pl\/index.php?rest_route=\/wp\/v2\/posts\/16714\/revisions\/16862"}],"wp:featuredmedia":[{"embeddable":true,"href":"https:\/\/zskarlino.pl\/index.php?rest_route=\/wp\/v2\/media\/11151"}],"wp:attachment":[{"href":"https:\/\/zskarlino.pl\/index.php?rest_route=%2Fwp%2Fv2%2Fmedia&parent=16714"}],"wp:term":[{"taxonomy":"category","embeddable":true,"href":"https:\/\/zskarlino.pl\/index.php?rest_route=%2Fwp%2Fv2%2Fcategories&post=16714"},{"taxonomy":"post_tag","embeddable":true,"href":"https:\/\/zskarlino.pl\/index.php?rest_route=%2Fwp%2Fv2%2Ftags&post=16714"}],"curies":[{"name":"wp","href":"https:\/\/api.w.org\/{rel}","templated":true}]}}