{"id":16518,"date":"2020-05-29T22:10:34","date_gmt":"2020-05-29T20:10:34","guid":{"rendered":"http:\/\/zskarlino.pl\/?p=16518"},"modified":"2020-05-29T22:10:35","modified_gmt":"2020-05-29T20:10:35","slug":"informacja-ministra-edukacji-narodowej-praktyki-zawodowe-dla-uczniow-klasy-iii-bsi","status":"publish","type":"post","link":"https:\/\/zskarlino.pl\/?p=16518","title":{"rendered":"Informacja Ministra Edukacji Narodowej &#8211; praktyki zawodowe dla uczni\u00f3w klasy III BSI"},"content":{"rendered":"\n<p>W dniu dzisiejszym Ministerstwo Edukacji Narodowej og\u0142osi\u0142o zmiany w zakresie mo\u017cliwo\u015bci powrotu uczni\u00f3w klasy III  Bran\u017cowej Szko\u0142y I stopnia na praktyki zawodowe do swoich pracodawc\u00f3w od 01 czerwca 2020 roku.<\/p>\n\n\n\n<p>Zgodnie ze zmianami w rozporz\u0105dzeniu, uczniowie klasy III Bran\u017cowej Szko\u0142y I stopnia, b\u0119d\u0105cy pracownikami m\u0142odocianymi, maj\u0105 mo\u017cliwo\u015b\u0107 powrotu na praktyki w celu lepszego przygotowania do egzaminu zawodowego, do kt\u00f3rego pozosta\u0142o ju\u017c tylko kilka tygodni. Powr\u00f3t ucznia na praktyki jest dobrowolny, dlatego niezb\u0119dnym warunkiem jest wyra\u017cenie zgody przez samego m\u0142odocianego lub jego rodzic\u00f3w, je\u017celi jest jeszcze niepe\u0142noletni. <\/p>\n\n\n\n<p>Wi\u0119cej informacji na stronie Ministerstwa, do kt\u00f3rej link podaj\u0119 poni\u017cej.<\/p>\n\n\n\n<p class=\"has-text-align-right\">Justyna Syga<br>Dyrektor Zespo\u0142u Szk\u00f3\u0142 w Karlinie<\/p>\n\n\n\n<p><a href=\"https:\/\/www.gov.pl\/web\/edukacja\/od-1-czerwca-wznawiamy-praktyki-i-zajecia-praktyczne-dla-kolejnej-grupy-uczniow\" target=\"_blank\" rel=\"noopener\">https:\/\/www.gov.pl\/web\/edukacja\/od-1-czerwca-wznawiamy-praktyki-i-zajecia-praktyczne-dla-kolejnej-grupy-uczniow<\/a><\/p>\n\n\n\n<figure class=\"wp-block-image size-large\"><img loading=\"lazy\" decoding=\"async\" width=\"960\" height=\"540\" src=\"http:\/\/zskarlino.pl\/wp-content\/uploads\/2020\/05\/men_01czerwca.jpg\" alt=\"\" class=\"wp-image-16519\" srcset=\"https:\/\/zskarlino.pl\/wp-content\/uploads\/2020\/05\/men_01czerwca.jpg 960w, https:\/\/zskarlino.pl\/wp-content\/uploads\/2020\/05\/men_01czerwca-300x169.jpg 300w, https:\/\/zskarlino.pl\/wp-content\/uploads\/2020\/05\/men_01czerwca-768x432.jpg 768w\" sizes=\"auto, (max-width: 960px) 100vw, 960px\" \/><\/figure>\n","protected":false},"excerpt":{"rendered":"<p>W dniu dzisiejszym Ministerstwo Edukacji Narodowej og\u0142osi\u0142o zmiany w zakresie mo\u017cliwo\u015bci powrotu uczni\u00f3w klasy III Bran\u017cowej Szko\u0142y I stopnia na praktyki zawodowe do swoich pracodawc\u00f3w od 01 czerwca 2020 roku. Zgodnie ze zmianami w rozporz\u0105dzeniu, uczniowie klasy III Bran\u017cowej Szko\u0142y I stopnia, b\u0119d\u0105cy pracownikami m\u0142odocianymi, maj\u0105 mo\u017cliwo\u015b\u0107 powrotu na praktyki w celu lepszego przygotowania do &hellip; <\/p>\n<p><a class=\"more-link btn\" href=\"https:\/\/zskarlino.pl\/?p=16518\">Czytaj dalej<\/a><\/p>\n","protected":false},"author":8,"featured_media":16519,"comment_status":"closed","ping_status":"closed","sticky":false,"template":"","format":"standard","meta":{"footnotes":""},"categories":[3],"tags":[],"class_list":["post-16518","post","type-post","status-publish","format-standard","has-post-thumbnail","hentry","category-wydarzenia","item-wrap"],"_links":{"self":[{"href":"https:\/\/zskarlino.pl\/index.php?rest_route=\/wp\/v2\/posts\/16518","targetHints":{"allow":["GET"]}}],"collection":[{"href":"https:\/\/zskarlino.pl\/index.php?rest_route=\/wp\/v2\/posts"}],"about":[{"href":"https:\/\/zskarlino.pl\/index.php?rest_route=\/wp\/v2\/types\/post"}],"author":[{"embeddable":true,"href":"https:\/\/zskarlino.pl\/index.php?rest_route=\/wp\/v2\/users\/8"}],"replies":[{"embeddable":true,"href":"https:\/\/zskarlino.pl\/index.php?rest_route=%2Fwp%2Fv2%2Fcomments&post=16518"}],"version-history":[{"count":1,"href":"https:\/\/zskarlino.pl\/index.php?rest_route=\/wp\/v2\/posts\/16518\/revisions"}],"predecessor-version":[{"id":16520,"href":"https:\/\/zskarlino.pl\/index.php?rest_route=\/wp\/v2\/posts\/16518\/revisions\/16520"}],"wp:featuredmedia":[{"embeddable":true,"href":"https:\/\/zskarlino.pl\/index.php?rest_route=\/wp\/v2\/media\/16519"}],"wp:attachment":[{"href":"https:\/\/zskarlino.pl\/index.php?rest_route=%2Fwp%2Fv2%2Fmedia&parent=16518"}],"wp:term":[{"taxonomy":"category","embeddable":true,"href":"https:\/\/zskarlino.pl\/index.php?rest_route=%2Fwp%2Fv2%2Fcategories&post=16518"},{"taxonomy":"post_tag","embeddable":true,"href":"https:\/\/zskarlino.pl\/index.php?rest_route=%2Fwp%2Fv2%2Ftags&post=16518"}],"curies":[{"name":"wp","href":"https:\/\/api.w.org\/{rel}","templated":true}]}}