{"id":16472,"date":"2020-05-29T07:00:00","date_gmt":"2020-05-29T05:00:00","guid":{"rendered":"http:\/\/zskarlino.pl\/?p=16472"},"modified":"2020-05-29T13:13:44","modified_gmt":"2020-05-29T11:13:44","slug":"informacja-dyrektora-zespolu-szkol-dotyczaca-odbywajacych-sie-od-1-czerwca-konsultacji-dla-uczniow","status":"publish","type":"post","link":"https:\/\/zskarlino.pl\/?p=16472","title":{"rendered":"Informacja Dyrektora Zespo\u0142u Szk\u00f3\u0142 dotycz\u0105ca odbywaj\u0105cych si\u0119 od 1 czerwca konsultacji dla uczni\u00f3w"},"content":{"rendered":"\n<p>Drodzy Uczniowie i Rodzice, <\/p>\n\n\n\n<p>Od 1 czerwca na terenie szko\u0142y b\u0119d\u0105 odbywa\u0107 si\u0119 konsultacje dla uczni\u00f3w naszego Zespo\u0142u Szk\u00f3\u0142. W tym celu zosta\u0142 opracowany Harmonogram Konsultacji oraz Procedury Bezpiecze\u0144stwa. Uczniowie b\u0119d\u0105 korzysta\u0107 z konsultacji po uprzednim ustaleniu terminu z wychowawc\u0105 oraz zobowi\u0105zani s\u0105 posiada\u0107 \u015brodki ochrony osobistej &#8211; maseczki i r\u0119kawiczki jednorazowe, a tak\u017ce przynie\u015b\u0107 stosowne o\u015bwiadczenia o stanie zdrowia wraz ze zgod\u0105 na pomiar temperatury. Druk o\u015bwiadczenia mo\u017cna wydrukowa\u0107 lub napisa\u0107 odr\u0119cznie.  <\/p>\n\n\n\n<p>O szczeg\u00f3\u0142ach zostan\u0105  Pa\u0144stwo poinformowani przez wychowawc\u00f3w poprzez dziennik elektroniczny. Wszelkie potrzeby dodatkowych spotka\u0144 dla uczni\u00f3w prosz\u0119, aby ustala\u0107 z wychowawcami klas. <\/p>\n\n\n\n<p>Dok\u0142adamy wszelkich stara\u0144, aby konsultacje odbywa\u0142y si\u0119 z zapewnieniem maksymalnego bezpiecze\u0144stwa dla uczni\u00f3w i pracownik\u00f3w Zespo\u0142u Szk\u00f3\u0142 w Karlinie, dlatego zach\u0119cam do zapoznania si\u0119 z Zarz\u0105dzeniem nr 8\/2019\/2020 (za\u0142\u0105czone poni\u017cej).<\/p>\n\n\n\n<p class=\"has-text-align-right\">Dyrektor Zespo\u0142u Szk\u00f3\u0142 w Karlinie<br>Justyna Syga<\/p>\n\n\n\n<div class=\"wp-block-file\"><a href=\"http:\/\/zskarlino.pl\/wp-content\/uploads\/2020\/05\/Zarz\u0105dzenie-8_2019_20-2.pdf\">Zarz\u0105dzenie 8_2019_20<\/a><a href=\"http:\/\/zskarlino.pl\/wp-content\/uploads\/2020\/05\/Zarz\u0105dzenie-8_2019_20-2.pdf\" class=\"wp-block-file__button\" download>Pobierz<\/a><\/div>\n\n\n\n<div class=\"wp-block-file\"><a href=\"http:\/\/zskarlino.pl\/wp-content\/uploads\/2020\/05\/O\u015bwiadczenie_konsultacje-1-scaled.jpg\" rel=\"lightbox[16472]\">O\u015bwiadczenie_konsultacje<\/a><a href=\"http:\/\/zskarlino.pl\/wp-content\/uploads\/2020\/05\/O\u015bwiadczenie_konsultacje-1-scaled.jpg\" class=\"wp-block-file__button\" download rel=\"lightbox[16472]\">Pobierz<\/a><\/div>\n\n\n\n<p><\/p>\n","protected":false},"excerpt":{"rendered":"<p>Drodzy Uczniowie i Rodzice, Od 1 czerwca na terenie szko\u0142y b\u0119d\u0105 odbywa\u0107 si\u0119 konsultacje dla uczni\u00f3w naszego Zespo\u0142u Szk\u00f3\u0142. W tym celu zosta\u0142 opracowany Harmonogram Konsultacji oraz Procedury Bezpiecze\u0144stwa. Uczniowie b\u0119d\u0105 korzysta\u0107 z konsultacji po uprzednim ustaleniu terminu z wychowawc\u0105 oraz zobowi\u0105zani s\u0105 posiada\u0107 \u015brodki ochrony osobistej &#8211; maseczki i r\u0119kawiczki jednorazowe, a tak\u017ce przynie\u015b\u0107 &hellip; <\/p>\n<p><a class=\"more-link btn\" href=\"https:\/\/zskarlino.pl\/?p=16472\">Czytaj dalej<\/a><\/p>\n","protected":false},"author":8,"featured_media":13461,"comment_status":"closed","ping_status":"closed","sticky":false,"template":"","format":"standard","meta":{"footnotes":""},"categories":[3],"tags":[],"class_list":["post-16472","post","type-post","status-publish","format-standard","has-post-thumbnail","hentry","category-wydarzenia","item-wrap"],"_links":{"self":[{"href":"https:\/\/zskarlino.pl\/index.php?rest_route=\/wp\/v2\/posts\/16472","targetHints":{"allow":["GET"]}}],"collection":[{"href":"https:\/\/zskarlino.pl\/index.php?rest_route=\/wp\/v2\/posts"}],"about":[{"href":"https:\/\/zskarlino.pl\/index.php?rest_route=\/wp\/v2\/types\/post"}],"author":[{"embeddable":true,"href":"https:\/\/zskarlino.pl\/index.php?rest_route=\/wp\/v2\/users\/8"}],"replies":[{"embeddable":true,"href":"https:\/\/zskarlino.pl\/index.php?rest_route=%2Fwp%2Fv2%2Fcomments&post=16472"}],"version-history":[{"count":5,"href":"https:\/\/zskarlino.pl\/index.php?rest_route=\/wp\/v2\/posts\/16472\/revisions"}],"predecessor-version":[{"id":16517,"href":"https:\/\/zskarlino.pl\/index.php?rest_route=\/wp\/v2\/posts\/16472\/revisions\/16517"}],"wp:featuredmedia":[{"embeddable":true,"href":"https:\/\/zskarlino.pl\/index.php?rest_route=\/wp\/v2\/media\/13461"}],"wp:attachment":[{"href":"https:\/\/zskarlino.pl\/index.php?rest_route=%2Fwp%2Fv2%2Fmedia&parent=16472"}],"wp:term":[{"taxonomy":"category","embeddable":true,"href":"https:\/\/zskarlino.pl\/index.php?rest_route=%2Fwp%2Fv2%2Fcategories&post=16472"},{"taxonomy":"post_tag","embeddable":true,"href":"https:\/\/zskarlino.pl\/index.php?rest_route=%2Fwp%2Fv2%2Ftags&post=16472"}],"curies":[{"name":"wp","href":"https:\/\/api.w.org\/{rel}","templated":true}]}}