{"id":1642,"date":"2014-10-08T19:28:27","date_gmt":"2014-10-08T17:28:27","guid":{"rendered":"http:\/\/zskarlino.pl\/?p=1642"},"modified":"2014-10-08T19:29:56","modified_gmt":"2014-10-08T17:29:56","slug":"zachodniopomorskie-spotkania-w-bibiliotece","status":"publish","type":"post","link":"https:\/\/zskarlino.pl\/?p=1642","title":{"rendered":"Zachodniopomorskie spotkania w Bibiliotece+"},"content":{"rendered":"<p><a href=\"http:\/\/zskarlino.pl\/wp-content\/uploads\/2014\/10\/DSC09889.jpg\" rel=\"lightbox[1642]\"><img loading=\"lazy\" decoding=\"async\" class=\"alignleft wp-image-1693 size-thumbnail\" src=\"http:\/\/zskarlino.pl\/wp-content\/uploads\/2014\/10\/DSC09889-150x150.jpg\" alt=\"SONY DSC\" width=\"150\" height=\"150\" \/><\/a>8 pa\u017adziernika 2014 roku uczniowie klas I c i II c gimnazjum pod opiek\u0105 pani Krystyny Krasi\u0144skiej i pani Renaty Jagu\u015bcik mieli okazj\u0119 uczestniczy\u0107 w spektaklu pt. <em>By\u0107 kochanym<\/em> wed\u0142ug wierszy Jana Twardowskiego. Spektakl zosta\u0142 wystawiony w Miejskiej i Gminnej Bibliotece Publicznej w Karlinie w ramach <em>Zachodniopomorskich spotka\u0144 w Bibliotece +<\/em>. Autork\u0105 scenariusza i jednocze\u015bnie g\u0142\u00f3wn\u0105 wyst\u0119puj\u0105c\u0105 by\u0142a pani Anna Gielarowska. Opraw\u0119 muzyczn\u0105 na gitarze klasycznej zapewni\u0142a pani Kornela Arwicz-Sienicka.<\/p>\n<p>Pani Anna Gielarowska jest aktork\u0105, pedagogiem i mgr lic. teologii, pani Kornela Arwicz-Sienicka natomiast jest gitarzystk\u0105, dr hab. prof. Akademii Sztuki w Szczecinie. Uczniowie mieli okazj\u0119 us\u0142ysze\u0107 wiersze ks. Jana Twardowskiego przy niezwyk\u0142ej muzycznej oprawie. Wyrecytowane zosta\u0142y mi\u0119dzy innymi wiersze: <em>Sprawiedliwo\u015b\u0107, Nic nie wiedzie\u0107, Spotkanie, Samotno\u015b\u0107. <\/em>W przedstawieniu wykorzystano tak\u017ce fragmenty utwor\u00f3w Leo Brouwera, Stanleya Myersa, Franza Schuberta, Francisco Tarregi. By\u0142o to niezwyk\u0142e artystyczne prze\u017cycie, jakie nie zdarza si\u0119 cz\u0119sto.<\/p>\n<p>Po spektaklu pani Anna Gielarowska zaprosi\u0142a m\u0142odzie\u017c do obejrzenia filmu dokumentalnego <em>Szczeci\u0144skie \u015blady ksi\u0119dza Jana<\/em> nakr\u0119conego tu\u017c po \u015bmierci ksi\u0119dza Jana Twardowskiego. Obraz by\u0142 poruszaj\u0105cy i zawiera\u0142 wiele ciep\u0142ych my\u015bli i wspomnie\u0144 o tym wspania\u0142ym poecie.<\/p>\n<p>Uczniowie byli pozytywnie zaskoczeni tym, co mieli okazj\u0119 obejrze\u0107, cho\u0107 przyznawali, \u017ce poezja jak zwykle okaza\u0142a si\u0119 nie by\u0107 \u0142atwa w odbiorze. Przyznaj\u0105 jednak zgodnie, \u017ce tak zaprezentowane aktorsko teksty zyskuj\u0105 na warto\u015bci i przejrzysto\u015bci.<\/p>\n<div class='fotorama--wp' data-ids='1687,1688,1690,1691,1692,1693,1694,1695,1696,1697,1698,1699,1700,1701,1702'data-link='file'data-itemtag='dl'data-icontag='dt'data-captiontag='dd'data-columns='0'data-size='large'data-width='680'data-auto='false'data-max-width='100%'data-ratio='0.6640625'>\n\t\t<style type=\"text\/css\">\n\t\t\t#gallery-1 {\n\t\t\t\tmargin: auto;\n\t\t\t}\n\t\t\t#gallery-1 .gallery-item {\n\t\t\t\tfloat: left;\n\t\t\t\tmargin-top: 10px;\n\t\t\t\ttext-align: center;\n\t\t\t\twidth: 100%;\n\t\t\t}\n\t\t\t#gallery-1 img {\n\t\t\t\tborder: 2px solid #cfcfcf;\n\t\t\t}\n\t\t\t#gallery-1 .gallery-caption {\n\t\t\t\tmargin-left: 0;\n\t\t\t}\n\t\t\t\/* see gallery_shortcode() in wp-includes\/media.php *\/\n\t\t<\/style>\n\t\t<div id='gallery-1' class='gallery galleryid-1642 gallery-columns-0 gallery-size-thumbnail'><dl class='gallery-item'>\n\t\t\t<dt class='gallery-icon portrait'>\n\t\t\t\t<a href='https:\/\/zskarlino.pl\/wp-content\/uploads\/2014\/10\/DSC09889-680x1024.jpg' data-full='https:\/\/zskarlino.pl\/wp-content\/uploads\/2014\/10\/DSC09889-e1415478656354.jpg' rel=\"lightbox[1642]\"><img loading=\"lazy\" decoding=\"async\" width=\"150\" height=\"150\" src=\"https:\/\/zskarlino.pl\/wp-content\/uploads\/2014\/10\/DSC09889-150x150.jpg\" class=\"attachment-thumbnail size-thumbnail\" alt=\"\" \/><\/a>\n\t\t\t<\/dt><\/dl><dl class='gallery-item'>\n\t\t\t<dt class='gallery-icon portrait'>\n\t\t\t\t<a href='https:\/\/zskarlino.pl\/wp-content\/uploads\/2014\/10\/DSC09890-680x1024.jpg' data-full='https:\/\/zskarlino.pl\/wp-content\/uploads\/2014\/10\/DSC09890-e1415478626347.jpg' rel=\"lightbox[1642]\"><img loading=\"lazy\" decoding=\"async\" width=\"150\" height=\"150\" src=\"https:\/\/zskarlino.pl\/wp-content\/uploads\/2014\/10\/DSC09890-150x150.jpg\" class=\"attachment-thumbnail size-thumbnail\" alt=\"\" \/><\/a>\n\t\t\t<\/dt><\/dl>\n\t\t<\/div>\n<\/div>\n<p>&nbsp;<\/p>\n","protected":false},"excerpt":{"rendered":"<p>8 pa\u017adziernika 2014 roku uczniowie klas I c i II c gimnazjum pod opiek\u0105 pani Krystyny Krasi\u0144skiej i pani Renaty Jagu\u015bcik mieli okazj\u0119 uczestniczy\u0107 w spektaklu pt. By\u0107 kochanym wed\u0142ug wierszy Jana Twardowskiego. Spektakl zosta\u0142 wystawiony w Miejskiej i Gminnej Bibliotece Publicznej w Karlinie w ramach Zachodniopomorskich spotka\u0144 w Bibliotece +. Autork\u0105 scenariusza i jednocze\u015bnie &hellip; <\/p>\n<p><a class=\"more-link btn\" href=\"https:\/\/zskarlino.pl\/?p=1642\">Czytaj dalej<\/a><\/p>\n","protected":false},"author":6,"featured_media":0,"comment_status":"closed","ping_status":"closed","sticky":false,"template":"","format":"standard","meta":{"footnotes":""},"categories":[3],"tags":[],"class_list":["post-1642","post","type-post","status-publish","format-standard","hentry","category-wydarzenia","item-wrap"],"_links":{"self":[{"href":"https:\/\/zskarlino.pl\/index.php?rest_route=\/wp\/v2\/posts\/1642","targetHints":{"allow":["GET"]}}],"collection":[{"href":"https:\/\/zskarlino.pl\/index.php?rest_route=\/wp\/v2\/posts"}],"about":[{"href":"https:\/\/zskarlino.pl\/index.php?rest_route=\/wp\/v2\/types\/post"}],"author":[{"embeddable":true,"href":"https:\/\/zskarlino.pl\/index.php?rest_route=\/wp\/v2\/users\/6"}],"replies":[{"embeddable":true,"href":"https:\/\/zskarlino.pl\/index.php?rest_route=%2Fwp%2Fv2%2Fcomments&post=1642"}],"version-history":[{"count":4,"href":"https:\/\/zskarlino.pl\/index.php?rest_route=\/wp\/v2\/posts\/1642\/revisions"}],"predecessor-version":[{"id":1731,"href":"https:\/\/zskarlino.pl\/index.php?rest_route=\/wp\/v2\/posts\/1642\/revisions\/1731"}],"wp:attachment":[{"href":"https:\/\/zskarlino.pl\/index.php?rest_route=%2Fwp%2Fv2%2Fmedia&parent=1642"}],"wp:term":[{"taxonomy":"category","embeddable":true,"href":"https:\/\/zskarlino.pl\/index.php?rest_route=%2Fwp%2Fv2%2Fcategories&post=1642"},{"taxonomy":"post_tag","embeddable":true,"href":"https:\/\/zskarlino.pl\/index.php?rest_route=%2Fwp%2Fv2%2Ftags&post=1642"}],"curies":[{"name":"wp","href":"https:\/\/api.w.org\/{rel}","templated":true}]}}