{"id":1636,"date":"2014-09-26T14:07:05","date_gmt":"2014-09-26T12:07:05","guid":{"rendered":"http:\/\/zskarlino.pl\/?p=1636"},"modified":"2014-10-09T21:12:16","modified_gmt":"2014-10-09T19:12:16","slug":"wybory-do-samorzadu-uczniowskiego","status":"publish","type":"post","link":"https:\/\/zskarlino.pl\/?p=1636","title":{"rendered":"Wybory do Samorz\u0105du Uczniowskiego"},"content":{"rendered":"<p>Dnia 26 wrze\u015bnia w naszej szkole odby\u0142y si\u0119 wybory przewodnicz\u0105cego Samorz\u0105du Uczniowskiego. W g\u0142osowaniu wzi\u0119\u0142y udzia\u0142 303 osoby uprawnione do g\u0142osowania \u2013 287 uczni\u00f3w i 16 nauczycieli. Oddano 284 g\u0142osy wa\u017cne. Decyzj\u0105 wyborc\u00f3w przewodnicz\u0105c\u0105 Samorz\u0105du Szkolnego w roku szkolnym 2014\/2015 zosta\u0142a Karolina Bronowicka uczennica klasy III C. Jej zast\u0119pc\u0105 wybrano Juli\u0119 Nizio\u0142 z I A. W sk\u0142ad zarz\u0105du Samorz\u0105du Uczniowskiego wchodz\u0105 r\u00f3wnie\u017c: Wiktoria G\u00f3ralczyk I D, Karol G\u00f3recki II A, Julia Pop\u0142awska II A, Aleksandra Hryci\u00f3w III A, Konrad Kleczkowski II LO.<\/p>\n<p style=\"text-align: right;\"><em>Ilona Wielocha<\/em><\/p>\n<div class='fotorama--wp' data-ids='1637,1638,1639'data-link='file'data-itemtag='dl'data-icontag='dt'data-captiontag='dd'data-columns='0'data-size='large'data-width='750'data-auto='false'data-max-width='100%'data-ratio='1.6666666666667'>\n\t\t<style type=\"text\/css\">\n\t\t\t#gallery-1 {\n\t\t\t\tmargin: auto;\n\t\t\t}\n\t\t\t#gallery-1 .gallery-item {\n\t\t\t\tfloat: left;\n\t\t\t\tmargin-top: 10px;\n\t\t\t\ttext-align: center;\n\t\t\t\twidth: 100%;\n\t\t\t}\n\t\t\t#gallery-1 img {\n\t\t\t\tborder: 2px solid #cfcfcf;\n\t\t\t}\n\t\t\t#gallery-1 .gallery-caption {\n\t\t\t\tmargin-left: 0;\n\t\t\t}\n\t\t\t\/* see gallery_shortcode() in wp-includes\/media.php *\/\n\t\t<\/style>\n\t\t<div id='gallery-1' class='gallery galleryid-1636 gallery-columns-0 gallery-size-thumbnail'><dl class='gallery-item'>\n\t\t\t<dt class='gallery-icon landscape'>\n\t\t\t\t<a href='https:\/\/zskarlino.pl\/wp-content\/uploads\/2014\/10\/IMG_20140926_112004-1024x614.jpg' data-full='https:\/\/zskarlino.pl\/wp-content\/uploads\/2014\/10\/IMG_20140926_112004-e1415467171843.jpg' rel=\"lightbox[1636]\"><img loading=\"lazy\" decoding=\"async\" width=\"150\" height=\"150\" src=\"https:\/\/zskarlino.pl\/wp-content\/uploads\/2014\/10\/IMG_20140926_112004-150x150.jpg\" class=\"attachment-thumbnail size-thumbnail\" alt=\"\" \/><\/a>\n\t\t\t<\/dt><\/dl>\n\t\t<\/div>\n<\/div>\n","protected":false},"excerpt":{"rendered":"<p>Dnia 26 wrze\u015bnia w naszej szkole odby\u0142y si\u0119 wybory przewodnicz\u0105cego Samorz\u0105du Uczniowskiego. W g\u0142osowaniu wzi\u0119\u0142y udzia\u0142 303 osoby uprawnione do g\u0142osowania \u2013 287 uczni\u00f3w i 16 nauczycieli. Oddano 284 g\u0142osy wa\u017cne. Decyzj\u0105 wyborc\u00f3w przewodnicz\u0105c\u0105 Samorz\u0105du Szkolnego w roku szkolnym 2014\/2015 zosta\u0142a Karolina Bronowicka uczennica klasy III C. Jej zast\u0119pc\u0105 wybrano Juli\u0119 Nizio\u0142 z I A. &hellip; <\/p>\n<p><a class=\"more-link btn\" href=\"https:\/\/zskarlino.pl\/?p=1636\">Czytaj dalej<\/a><\/p>\n","protected":false},"author":6,"featured_media":0,"comment_status":"closed","ping_status":"closed","sticky":false,"template":"","format":"standard","meta":{"footnotes":""},"categories":[3],"tags":[],"class_list":["post-1636","post","type-post","status-publish","format-standard","hentry","category-wydarzenia","item-wrap"],"_links":{"self":[{"href":"https:\/\/zskarlino.pl\/index.php?rest_route=\/wp\/v2\/posts\/1636","targetHints":{"allow":["GET"]}}],"collection":[{"href":"https:\/\/zskarlino.pl\/index.php?rest_route=\/wp\/v2\/posts"}],"about":[{"href":"https:\/\/zskarlino.pl\/index.php?rest_route=\/wp\/v2\/types\/post"}],"author":[{"embeddable":true,"href":"https:\/\/zskarlino.pl\/index.php?rest_route=\/wp\/v2\/users\/6"}],"replies":[{"embeddable":true,"href":"https:\/\/zskarlino.pl\/index.php?rest_route=%2Fwp%2Fv2%2Fcomments&post=1636"}],"version-history":[{"count":2,"href":"https:\/\/zskarlino.pl\/index.php?rest_route=\/wp\/v2\/posts\/1636\/revisions"}],"predecessor-version":[{"id":1641,"href":"https:\/\/zskarlino.pl\/index.php?rest_route=\/wp\/v2\/posts\/1636\/revisions\/1641"}],"wp:attachment":[{"href":"https:\/\/zskarlino.pl\/index.php?rest_route=%2Fwp%2Fv2%2Fmedia&parent=1636"}],"wp:term":[{"taxonomy":"category","embeddable":true,"href":"https:\/\/zskarlino.pl\/index.php?rest_route=%2Fwp%2Fv2%2Fcategories&post=1636"},{"taxonomy":"post_tag","embeddable":true,"href":"https:\/\/zskarlino.pl\/index.php?rest_route=%2Fwp%2Fv2%2Ftags&post=1636"}],"curies":[{"name":"wp","href":"https:\/\/api.w.org\/{rel}","templated":true}]}}