{"id":15856,"date":"2020-05-20T01:50:42","date_gmt":"2020-05-19T23:50:42","guid":{"rendered":"http:\/\/zskarlino.pl\/?p=15856"},"modified":"2020-05-20T12:44:29","modified_gmt":"2020-05-20T10:44:29","slug":"15856","status":"publish","type":"post","link":"https:\/\/zskarlino.pl\/?p=15856","title":{"rendered":"Wyj\u0105tkowy Dzie\u0144 Europy"},"content":{"rendered":"\n<div class=\"wp-block-image\"><figure class=\"alignleft\"><img decoding=\"async\" src=\"blob:http:\/\/zskarlino.pl\/85dfbc75-a621-409f-8419-082914b4a025\" alt=\"\"\/><\/figure><\/div>\n\n\n\n<p>Dzie\u0144 Europy obchodzony co roku 9 maja, jest dniem,&nbsp;w kt\u00f3rym \u015bwi\u0119tujemy pok\u00f3j i jedno\u015b\u0107 w Europie. Aby uczci\u0107 ten dzie\u0144, na pocz\u0105tku maja wszystkie instytucje europejskie organizowa\u0142y co roku w Europie i na ca\u0142ym \u015bwiecie szereg wydarze\u0144, debat, koncert\u00f3w, wizyt oraz innych dzia\u0142a\u0144 maj\u0105cych na celu informowanie spo\u0142ecze\u0144stwa o Unii Europejskiej.<\/p>\n\n\n\n<div class=\"wp-block-image\"><figure class=\"alignright\"><img decoding=\"async\" src=\"blob:http:\/\/zskarlino.pl\/bfd7a033-7579-4f37-9ed3-769d1dd34174\" alt=\"\"\/><\/figure><\/div>\n\n\n\n<p>Jednak\u017ce ten rok jest inny z dw\u00f3ch powod\u00f3w.&nbsp;<br>Po pierwsze, w tym roku wyj\u0105tkowo wszyscy obchodzimy to \u015bwi\u0119to przez Internet, po drugie, wszyscy solidarnie wyra\u017camy uznanie dla ludzi walcz\u0105cych z koronawirusem.<\/p>\n\n\n\n<p>Na ten dzie\u0144 zaplanowany mieli\u015bmy Dzie\u0144 J\u0119zyk\u00f3w Obcych, jednak\u017ce&nbsp;wyj\u0105tkowy rok, wymaga wyj\u0105tkowych dzia\u0142a\u0144, a wi\u0119c przygotowali\u015bmy kilka s\u0142\u00f3w na temat Unii oraz kr\u00f3tk\u0105 prezentacj\u0119 w j\u0119zyku angielskim o naszym kraju, mie\u015bcie i naszej szkole. Zapraszam do obejrzenia.<\/p>\n\n\n\n<figure class=\"wp-block-embed-youtube wp-block-embed is-type-video is-provider-youtube wp-embed-aspect-16-9 wp-has-aspect-ratio\"><div class=\"wp-block-embed__wrapper\">\n<iframe loading=\"lazy\" title=\"DZIE\u0143 EUROPY\" width=\"750\" height=\"422\" src=\"https:\/\/www.youtube.com\/embed\/UhpWPc029bI?feature=oembed\" frameborder=\"0\" allow=\"accelerometer; autoplay; encrypted-media; gyroscope; picture-in-picture\" allowfullscreen><\/iframe>\n<\/div><\/figure>\n\n\n\n<p class=\"has-text-align-right\"><em>Renia PW<\/em><\/p>\n","protected":false},"excerpt":{"rendered":"<p>Dzie\u0144 Europy obchodzony co roku 9 maja, jest dniem,&nbsp;w kt\u00f3rym \u015bwi\u0119tujemy pok\u00f3j i jedno\u015b\u0107 w Europie. Aby uczci\u0107 ten dzie\u0144, na pocz\u0105tku maja wszystkie instytucje europejskie organizowa\u0142y co roku w Europie i na ca\u0142ym \u015bwiecie szereg wydarze\u0144, debat, koncert\u00f3w, wizyt oraz innych dzia\u0142a\u0144 maj\u0105cych na celu informowanie spo\u0142ecze\u0144stwa o Unii Europejskiej. Jednak\u017ce ten rok jest &hellip; <\/p>\n<p><a class=\"more-link btn\" href=\"https:\/\/zskarlino.pl\/?p=15856\">Czytaj dalej<\/a><\/p>\n","protected":false},"author":6,"featured_media":0,"comment_status":"closed","ping_status":"closed","sticky":false,"template":"","format":"standard","meta":{"footnotes":""},"categories":[3],"tags":[],"class_list":["post-15856","post","type-post","status-publish","format-standard","hentry","category-wydarzenia","item-wrap"],"_links":{"self":[{"href":"https:\/\/zskarlino.pl\/index.php?rest_route=\/wp\/v2\/posts\/15856","targetHints":{"allow":["GET"]}}],"collection":[{"href":"https:\/\/zskarlino.pl\/index.php?rest_route=\/wp\/v2\/posts"}],"about":[{"href":"https:\/\/zskarlino.pl\/index.php?rest_route=\/wp\/v2\/types\/post"}],"author":[{"embeddable":true,"href":"https:\/\/zskarlino.pl\/index.php?rest_route=\/wp\/v2\/users\/6"}],"replies":[{"embeddable":true,"href":"https:\/\/zskarlino.pl\/index.php?rest_route=%2Fwp%2Fv2%2Fcomments&post=15856"}],"version-history":[{"count":2,"href":"https:\/\/zskarlino.pl\/index.php?rest_route=\/wp\/v2\/posts\/15856\/revisions"}],"predecessor-version":[{"id":15920,"href":"https:\/\/zskarlino.pl\/index.php?rest_route=\/wp\/v2\/posts\/15856\/revisions\/15920"}],"wp:attachment":[{"href":"https:\/\/zskarlino.pl\/index.php?rest_route=%2Fwp%2Fv2%2Fmedia&parent=15856"}],"wp:term":[{"taxonomy":"category","embeddable":true,"href":"https:\/\/zskarlino.pl\/index.php?rest_route=%2Fwp%2Fv2%2Fcategories&post=15856"},{"taxonomy":"post_tag","embeddable":true,"href":"https:\/\/zskarlino.pl\/index.php?rest_route=%2Fwp%2Fv2%2Ftags&post=15856"}],"curies":[{"name":"wp","href":"https:\/\/api.w.org\/{rel}","templated":true}]}}