{"id":15632,"date":"2020-05-16T22:03:04","date_gmt":"2020-05-16T20:03:04","guid":{"rendered":"http:\/\/zskarlino.pl\/?p=15632"},"modified":"2020-05-16T22:03:05","modified_gmt":"2020-05-16T20:03:05","slug":"wirtualny-dzien-otwarty","status":"publish","type":"post","link":"https:\/\/zskarlino.pl\/?p=15632","title":{"rendered":"Wirtualny DZIE\u0143 OTWARTY"},"content":{"rendered":"\n<p class=\"has-text-align-center\"><strong><span class=\"has-inline-color has-very-dark-gray-color\">Wirtualny Dzie\u0144 Otwarty <br><\/span><span class=\"has-inline-color has-vivid-red-color\">22 maja 2020 r. (pi\u0105tek) od godz. 10:00<\/span><span class=\"has-inline-color has-very-dark-gray-color\"><br>Tego dnia poka\u017cemy ca\u0142\u0105 nasz\u0105 ofert\u0119 edukacyjn\u0105!<\/span><\/strong><br><em>Nie mo\u017ce Ci\u0119 zabrakn\u0105\u0107!<\/em><br><br><a href=\"https:\/\/www.facebook.com\/events\/701598577274047\" target=\"_blank\" rel=\"noopener\">https:\/\/www.facebook.com\/events\/701598577274047<\/a><br><br><img loading=\"lazy\" decoding=\"async\" width=\"600\" height=\"400\" class=\"wp-image-15633\" style=\"width: 600px;\" src=\"http:\/\/zskarlino.pl\/wp-content\/uploads\/2020\/05\/dzien-otwarty.jpg\" alt=\"\" srcset=\"https:\/\/zskarlino.pl\/wp-content\/uploads\/2020\/05\/dzien-otwarty.jpg 1920w, https:\/\/zskarlino.pl\/wp-content\/uploads\/2020\/05\/dzien-otwarty-300x200.jpg 300w, https:\/\/zskarlino.pl\/wp-content\/uploads\/2020\/05\/dzien-otwarty-1024x683.jpg 1024w, https:\/\/zskarlino.pl\/wp-content\/uploads\/2020\/05\/dzien-otwarty-768x512.jpg 768w, https:\/\/zskarlino.pl\/wp-content\/uploads\/2020\/05\/dzien-otwarty-1536x1024.jpg 1536w\" sizes=\"auto, (max-width: 600px) 100vw, 600px\" \/><br><strong><em>ZAPRASZAMY :-)<\/em><\/strong><\/p>\n\n\n\n<p><\/p>\n","protected":false},"excerpt":{"rendered":"<p>Wirtualny Dzie\u0144 Otwarty 22 maja 2020 r. (pi\u0105tek) od godz. 10:00Tego dnia poka\u017cemy ca\u0142\u0105 nasz\u0105 ofert\u0119 edukacyjn\u0105!Nie mo\u017ce Ci\u0119 zabrakn\u0105\u0107! https:\/\/www.facebook.com\/events\/701598577274047 ZAPRASZAMY :-)<\/p>\n","protected":false},"author":3,"featured_media":0,"comment_status":"closed","ping_status":"closed","sticky":false,"template":"","format":"standard","meta":{"footnotes":""},"categories":[4,5,2,18,3],"tags":[],"class_list":["post-15632","post","type-post","status-publish","format-standard","hentry","category-dla-rodzicow","category-dla-uczniow","category-ogloszenia","category-rekrutacja","category-wydarzenia","item-wrap"],"_links":{"self":[{"href":"https:\/\/zskarlino.pl\/index.php?rest_route=\/wp\/v2\/posts\/15632","targetHints":{"allow":["GET"]}}],"collection":[{"href":"https:\/\/zskarlino.pl\/index.php?rest_route=\/wp\/v2\/posts"}],"about":[{"href":"https:\/\/zskarlino.pl\/index.php?rest_route=\/wp\/v2\/types\/post"}],"author":[{"embeddable":true,"href":"https:\/\/zskarlino.pl\/index.php?rest_route=\/wp\/v2\/users\/3"}],"replies":[{"embeddable":true,"href":"https:\/\/zskarlino.pl\/index.php?rest_route=%2Fwp%2Fv2%2Fcomments&post=15632"}],"version-history":[{"count":6,"href":"https:\/\/zskarlino.pl\/index.php?rest_route=\/wp\/v2\/posts\/15632\/revisions"}],"predecessor-version":[{"id":15639,"href":"https:\/\/zskarlino.pl\/index.php?rest_route=\/wp\/v2\/posts\/15632\/revisions\/15639"}],"wp:attachment":[{"href":"https:\/\/zskarlino.pl\/index.php?rest_route=%2Fwp%2Fv2%2Fmedia&parent=15632"}],"wp:term":[{"taxonomy":"category","embeddable":true,"href":"https:\/\/zskarlino.pl\/index.php?rest_route=%2Fwp%2Fv2%2Fcategories&post=15632"},{"taxonomy":"post_tag","embeddable":true,"href":"https:\/\/zskarlino.pl\/index.php?rest_route=%2Fwp%2Fv2%2Ftags&post=15632"}],"curies":[{"name":"wp","href":"https:\/\/api.w.org\/{rel}","templated":true}]}}