{"id":15610,"date":"2020-05-15T15:46:54","date_gmt":"2020-05-15T13:46:54","guid":{"rendered":"http:\/\/zskarlino.pl\/?p=15610"},"modified":"2020-05-15T20:28:20","modified_gmt":"2020-05-15T18:28:20","slug":"zmiany-w-organizacji-pracy-szkoly-od-25-maja-2020-roku","status":"publish","type":"post","link":"https:\/\/zskarlino.pl\/?p=15610","title":{"rendered":"Zmiany w organizacji pracy szko\u0142y od 25 maja 2020 roku"},"content":{"rendered":"\n<p>Drodzy Rodzice, Uczniowie oraz Absolwenci,<\/p>\n\n\n\n<p>Zgodnie z komunikatem Ministerstwa Edukacji Narodowej nast\u0119puje stopniowe wznawianie pracy szk\u00f3\u0142 i plac\u00f3wek o\u015bwiatowych. Najwa\u017cniejsze zmiany, kt\u00f3re dotycz\u0105 bezpo\u015brednio naszej szko\u0142y to mo\u017cliwo\u015b\u0107 prowadzenia konsultacji dla absolwent\u00f3w przygotowuj\u0105cych si\u0119 do egzaminu maturalnego oraz realizowania praktyk zawodowych dla uczni\u00f3w klasy trzeciej technikum od 25 maja. Od 01 czerwca b\u0119d\u0105 r\u00f3wnie\u017c mo\u017cliwe konsultacje dla uczni\u00f3w ze wszystkich klas.<\/p>\n\n\n\n<p>W kolejnych dniach b\u0119dziemy Pa\u0144stwa informowa\u0107 o szczeg\u00f3\u0142owych rozwi\u0105zaniach wprowadzonych w naszej szkole.<\/p>\n\n\n\n<p>Poni\u017cej przekazuj\u0119 link do informacji na stronie Ministerstwa Edukacji Narodowej<\/p>\n\n\n\n<p><a href=\"https:\/\/www.gov.pl\/web\/edukacja\/co-ze-szkolami-do-wakacji\" target=\"_blank\" rel=\"noopener\">https:\/\/www.gov.pl\/web\/edukacja\/co-ze-szkolami-do-wakacji<\/a><\/p>\n\n\n\n<p class=\"has-text-align-right\">Justyna Syga<\/p>\n","protected":false},"excerpt":{"rendered":"<p>Drodzy Rodzice, Uczniowie oraz Absolwenci, Zgodnie z komunikatem Ministerstwa Edukacji Narodowej nast\u0119puje stopniowe wznawianie pracy szk\u00f3\u0142 i plac\u00f3wek o\u015bwiatowych. Najwa\u017cniejsze zmiany, kt\u00f3re dotycz\u0105 bezpo\u015brednio naszej szko\u0142y to mo\u017cliwo\u015b\u0107 prowadzenia konsultacji dla absolwent\u00f3w przygotowuj\u0105cych si\u0119 do egzaminu maturalnego oraz realizowania praktyk zawodowych dla uczni\u00f3w klasy trzeciej technikum od 25 maja. Od 01 czerwca b\u0119d\u0105 r\u00f3wnie\u017c mo\u017cliwe &hellip; <\/p>\n<p><a class=\"more-link btn\" href=\"https:\/\/zskarlino.pl\/?p=15610\">Czytaj dalej<\/a><\/p>\n","protected":false},"author":8,"featured_media":13461,"comment_status":"closed","ping_status":"closed","sticky":false,"template":"","format":"standard","meta":{"footnotes":""},"categories":[3],"tags":[],"class_list":["post-15610","post","type-post","status-publish","format-standard","has-post-thumbnail","hentry","category-wydarzenia","item-wrap"],"_links":{"self":[{"href":"https:\/\/zskarlino.pl\/index.php?rest_route=\/wp\/v2\/posts\/15610","targetHints":{"allow":["GET"]}}],"collection":[{"href":"https:\/\/zskarlino.pl\/index.php?rest_route=\/wp\/v2\/posts"}],"about":[{"href":"https:\/\/zskarlino.pl\/index.php?rest_route=\/wp\/v2\/types\/post"}],"author":[{"embeddable":true,"href":"https:\/\/zskarlino.pl\/index.php?rest_route=\/wp\/v2\/users\/8"}],"replies":[{"embeddable":true,"href":"https:\/\/zskarlino.pl\/index.php?rest_route=%2Fwp%2Fv2%2Fcomments&post=15610"}],"version-history":[{"count":1,"href":"https:\/\/zskarlino.pl\/index.php?rest_route=\/wp\/v2\/posts\/15610\/revisions"}],"predecessor-version":[{"id":15611,"href":"https:\/\/zskarlino.pl\/index.php?rest_route=\/wp\/v2\/posts\/15610\/revisions\/15611"}],"wp:featuredmedia":[{"embeddable":true,"href":"https:\/\/zskarlino.pl\/index.php?rest_route=\/wp\/v2\/media\/13461"}],"wp:attachment":[{"href":"https:\/\/zskarlino.pl\/index.php?rest_route=%2Fwp%2Fv2%2Fmedia&parent=15610"}],"wp:term":[{"taxonomy":"category","embeddable":true,"href":"https:\/\/zskarlino.pl\/index.php?rest_route=%2Fwp%2Fv2%2Fcategories&post=15610"},{"taxonomy":"post_tag","embeddable":true,"href":"https:\/\/zskarlino.pl\/index.php?rest_route=%2Fwp%2Fv2%2Ftags&post=15610"}],"curies":[{"name":"wp","href":"https:\/\/api.w.org\/{rel}","templated":true}]}}