{"id":15364,"date":"2020-05-12T03:29:22","date_gmt":"2020-05-12T01:29:22","guid":{"rendered":"http:\/\/zskarlino.pl\/?p=15364"},"modified":"2020-05-13T17:15:08","modified_gmt":"2020-05-13T15:15:08","slug":"konkurs-na-ex-libris-do-slownika-rozstrzygniety","status":"publish","type":"post","link":"https:\/\/zskarlino.pl\/?p=15364","title":{"rendered":"Konkurs na Ex libris do s\u0142ownika rozstrzygni\u0119ty!"},"content":{"rendered":"\n<figure class=\"wp-block-image size-large\"><img loading=\"lazy\" decoding=\"async\" width=\"750\" height=\"341\" src=\"http:\/\/zskarlino.pl\/wp-content\/uploads\/2020\/05\/the-best-ex-libris.jpg\" alt=\"\" class=\"wp-image-15405\" srcset=\"https:\/\/zskarlino.pl\/wp-content\/uploads\/2020\/05\/the-best-ex-libris.jpg 750w, https:\/\/zskarlino.pl\/wp-content\/uploads\/2020\/05\/the-best-ex-libris-300x136.jpg 300w\" sizes=\"auto, (max-width: 750px) 100vw, 750px\" \/><\/figure>\n\n\n\n<p>Jak wszyscy, wiemy od kilku tygodni nasze lekcje wygl\u0105daj\u0105 nieco inaczej, a wi\u0119c i wi\u0119cej kreatywno\u015bci mo\u017cemy zauwa\u017cy\u0107 po\u015br\u00f3d naszych uczni\u00f3w, kt\u00f3rzy jednak troszk\u0119 t\u0119skni\u0105 za szkolnymi murami. Na pocz\u0105tku kwietnia, og\u0142osi\u0142am konkurs na wykonanie ex libris do naszego \u201ePolsko-turecko-w\u0142osko-czesko-hiszpa\u0144skiego s\u0142ownika mechatronika i grafika komputerowego\u201d, nad wydaniem kt\u00f3rego pracujemy w ramach projektu Erasmus +, zatytu\u0142owanego \u201eTwo faces of technology. Isolation and opportunities\u201d. Na konkurs wp\u0142yn\u0119\u0142o 21 prac, z kt\u00f3rych najciekawszymi chcia\u0142abym si\u0119 pochwali\u0107. Wszyscy uczestnicy konkursu zostali nagrodzeni dodatkow\u0105 ocen\u0105, natomiast autorzy dw\u00f3ch najlepszych prac otrzymaj\u0105 dodatkowo skromne upominki. Dzi\u0119kuj\u0119 wszystkim za udzia\u0142 w konkursie i gratuluj\u0119 zwyci\u0119zcom tj. Dominikowi Oleksikowi z klasy III TM, oraz And\u017celice Sienkiewicz z klasy I TG B\u00a0<\/p>\n\n\n\n<figure class=\"wp-block-image size-large\"><img loading=\"lazy\" decoding=\"async\" width=\"1024\" height=\"278\" src=\"http:\/\/zskarlino.pl\/wp-content\/uploads\/2020\/05\/ex-libris-prace-1024x278.jpg\" alt=\"\" class=\"wp-image-15366\" srcset=\"https:\/\/zskarlino.pl\/wp-content\/uploads\/2020\/05\/ex-libris-prace-1024x278.jpg 1024w, https:\/\/zskarlino.pl\/wp-content\/uploads\/2020\/05\/ex-libris-prace-300x81.jpg 300w, https:\/\/zskarlino.pl\/wp-content\/uploads\/2020\/05\/ex-libris-prace-768x208.jpg 768w, https:\/\/zskarlino.pl\/wp-content\/uploads\/2020\/05\/ex-libris-prace-1536x417.jpg 1536w, https:\/\/zskarlino.pl\/wp-content\/uploads\/2020\/05\/ex-libris-prace-2048x556.jpg 2048w\" sizes=\"auto, (max-width: 1024px) 100vw, 1024px\" \/><\/figure>\n\n\n\n<p class=\"has-text-align-right\">Renata Piszak-Walczykowska<\/p>\n","protected":false},"excerpt":{"rendered":"<p>Jak wszyscy, wiemy od kilku tygodni nasze lekcje wygl\u0105daj\u0105 nieco inaczej, a wi\u0119c i wi\u0119cej kreatywno\u015bci mo\u017cemy zauwa\u017cy\u0107 po\u015br\u00f3d naszych uczni\u00f3w, kt\u00f3rzy jednak troszk\u0119 t\u0119skni\u0105 za szkolnymi murami. Na pocz\u0105tku kwietnia, og\u0142osi\u0142am konkurs na wykonanie ex libris do naszego \u201ePolsko-turecko-w\u0142osko-czesko-hiszpa\u0144skiego s\u0142ownika mechatronika i grafika komputerowego\u201d, nad wydaniem kt\u00f3rego pracujemy w ramach projektu Erasmus +, zatytu\u0142owanego &hellip; <\/p>\n<p><a class=\"more-link btn\" href=\"https:\/\/zskarlino.pl\/?p=15364\">Czytaj dalej<\/a><\/p>\n","protected":false},"author":6,"featured_media":0,"comment_status":"closed","ping_status":"closed","sticky":false,"template":"","format":"standard","meta":{"footnotes":""},"categories":[3],"tags":[],"class_list":["post-15364","post","type-post","status-publish","format-standard","hentry","category-wydarzenia","item-wrap"],"_links":{"self":[{"href":"https:\/\/zskarlino.pl\/index.php?rest_route=\/wp\/v2\/posts\/15364","targetHints":{"allow":["GET"]}}],"collection":[{"href":"https:\/\/zskarlino.pl\/index.php?rest_route=\/wp\/v2\/posts"}],"about":[{"href":"https:\/\/zskarlino.pl\/index.php?rest_route=\/wp\/v2\/types\/post"}],"author":[{"embeddable":true,"href":"https:\/\/zskarlino.pl\/index.php?rest_route=\/wp\/v2\/users\/6"}],"replies":[{"embeddable":true,"href":"https:\/\/zskarlino.pl\/index.php?rest_route=%2Fwp%2Fv2%2Fcomments&post=15364"}],"version-history":[{"count":3,"href":"https:\/\/zskarlino.pl\/index.php?rest_route=\/wp\/v2\/posts\/15364\/revisions"}],"predecessor-version":[{"id":15545,"href":"https:\/\/zskarlino.pl\/index.php?rest_route=\/wp\/v2\/posts\/15364\/revisions\/15545"}],"wp:attachment":[{"href":"https:\/\/zskarlino.pl\/index.php?rest_route=%2Fwp%2Fv2%2Fmedia&parent=15364"}],"wp:term":[{"taxonomy":"category","embeddable":true,"href":"https:\/\/zskarlino.pl\/index.php?rest_route=%2Fwp%2Fv2%2Fcategories&post=15364"},{"taxonomy":"post_tag","embeddable":true,"href":"https:\/\/zskarlino.pl\/index.php?rest_route=%2Fwp%2Fv2%2Ftags&post=15364"}],"curies":[{"name":"wp","href":"https:\/\/api.w.org\/{rel}","templated":true}]}}