{"id":15193,"date":"2020-05-08T12:53:12","date_gmt":"2020-05-08T10:53:12","guid":{"rendered":"http:\/\/zskarlino.pl\/?p=15193"},"modified":"2020-05-08T12:57:14","modified_gmt":"2020-05-08T10:57:14","slug":"dzien-bibliotekarza-i-bibliotek","status":"publish","type":"post","link":"https:\/\/zskarlino.pl\/?p=15193","title":{"rendered":"Dzie\u0144 Bibliotekarza i Bibliotek"},"content":{"rendered":"\n<p><strong><span class=\"has-inline-color has-very-dark-gray-color\">Dzi\u015b obchodzimy Dzie\u0144 Bibliotekarza i Bibliotek !<\/span><\/strong><\/p>\n\n\n\n<p><strong><span class=\"has-inline-color has-very-dark-gray-color\">Wszystkim pracownikom Bibliotek sk\u0142adamy serdeczne \u017cyczenia :-)  <\/span><\/strong><\/p>\n\n\n\n<figure class=\"wp-block-image size-large is-style-default\"><img loading=\"lazy\" decoding=\"async\" width=\"1024\" height=\"681\" src=\"http:\/\/zskarlino.pl\/wp-content\/uploads\/2020\/05\/book-2388180_1920-1024x681.jpg\" alt=\"\" class=\"wp-image-15194\" srcset=\"https:\/\/zskarlino.pl\/wp-content\/uploads\/2020\/05\/book-2388180_1920-1024x681.jpg 1024w, https:\/\/zskarlino.pl\/wp-content\/uploads\/2020\/05\/book-2388180_1920-300x199.jpg 300w, https:\/\/zskarlino.pl\/wp-content\/uploads\/2020\/05\/book-2388180_1920-768x510.jpg 768w, https:\/\/zskarlino.pl\/wp-content\/uploads\/2020\/05\/book-2388180_1920-1536x1021.jpg 1536w, https:\/\/zskarlino.pl\/wp-content\/uploads\/2020\/05\/book-2388180_1920.jpg 1920w\" sizes=\"auto, (max-width: 1024px) 100vw, 1024px\" \/><\/figure>\n\n\n\n<p>I cho\u0107 aktualnie cz\u0119\u015b\u0107 bibliotek jest zamkni\u0119ta to w zaciszu w\u0142asnych dom\u00f3w cz\u0119sto si\u0119gamy po ksi\u0105\u017cki. M\u00f3wi si\u0119, \u017ce ilu ludzi tyle opinii. W sprawie ksi\u0105\u017cek jest podobnie. S\u0105 tacy, kt\u00f3rzy lubi\u0105 czyta\u0107 biografie, inni rozp\u0142ywaj\u0105 si\u0119 w romansach a jeszcze inni w krymina\u0142ach. Nasi nauczyciele przedstawiaj\u0105&nbsp; swoje typy:<\/p>\n\n\n\n<p><strong>Gra<\/strong><strong>\u017c<\/strong><strong>yna Chwieduk<\/strong><strong><\/strong><\/p>\n\n\n\n<p>El\u017cbieta Cherezinska \u2013 powie\u015b\u0107 historyczna<br><br>Camilla L\u00e4ckberg \u2013 powie\u015bci kryminalne<br><br>Katarzyna Bonda \u2013 powie\u015b\u0107 kryminalna<br><br>Erich Segal &#8211; powie\u015b\u0107<br><br>To s\u0105 moje propozycje.<\/p>\n\n\n\n<p>Oczywi\u015bcie Segala czytam po polsku :)<strong><\/strong><\/p>\n\n\n\n<p><strong>Marzena Czarnas<\/strong><\/p>\n\n\n\n<p>Ja polecam histori\u0119 regiony&#8230; dla uczni\u00f3w lekka, historyczne ksi\u0105\u017cka o nas &#8211; &#8222;Opowie\u015bci znad Pars\u0119ty&#8221;.<\/p>\n\n\n\n<p><strong>Marta Glinka<\/strong><\/p>\n\n\n\n<p>Je\u015bli chodzi o mnie to lubi\u0119 ksi\u0105\u017cki na faktach ( ostatnia moja to By\u0142am arabsk\u0105 Stewardes\u0105), ale r\u00f3wnie\u017c krymina\u0142y typu Dziewczyna z tatua\u017cem :)<\/p>\n\n\n\n<p><strong>Magdalena Mali\u0144ska<\/strong><\/p>\n\n\n\n<p>Aktualnie sytuacja wymusza na mnie czytanie g\u0142\u00f3wnie pozycji przygodowych. Je\u015bli kto\u015b chcia\u0142by nadrobi\u0107 zaleg\u0142o\u015bci z dzieci\u0144stwa albo przenie\u015b\u0107 si\u0119 w \u015bwiat ba\u015bni to gor\u0105co polecam szczeg\u00f3lnie \u2013&nbsp;&nbsp;III cz\u0119\u015b\u0107 z cyklu Opowie\u015bci z Narnii &#8211; Podr\u00f3\u017c \u201eW\u0119drowca do \u015awitu\u201d autorstwa &nbsp;C.S. Lewisa.<\/p>\n\n\n\n<p>Osobi\u015bcie traktuj\u0119 ksi\u0105\u017cki jako swojego rodzaju relaks uwielbiam powie\u015bci kryminalne i detektywistyczne ostatnia jak\u0105 czyta\u0142am to Duchy Niebia\u0144skiej Jerozolimy &#8211; Darii Desombre. Lubi\u0119 tak\u017ce czyta\u0107 ksi\u0105\u017cki Danego Browna i Zygmunta Mi\u0142oszewskiego.<\/p>\n\n\n\n<p><strong>Emilia Marunowska<\/strong><\/p>\n\n\n\n<p>Charlotte Link &#8211; Poszukiwana.<br>Heather Morris &#8211; Tatua\u017cysta z Auschwitz<br>Ma\u0142gorzata i Micha\u0142 Ku\u017ami\u0144scy &#8211; \u015aleboda<\/p>\n\n\n\n<p><strong>Dorota Olszewska<\/strong><\/p>\n\n\n\n<p>OLga Tokarczuk OPOWIADANIA BIZARNE<br>Charlotte Chandler MARLENA DIETRICH<br>To moje ostatnie pozycje..<\/p>\n\n\n\n<p><strong>Maryla Sochacka<\/strong><\/p>\n\n\n\n<p>Zdecydowanie biografie.<strong> <\/strong><strong><\/strong><\/p>\n\n\n\n<div class=\"wp-block-image\"><figure class=\"aligncenter size-large\"><img loading=\"lazy\" decoding=\"async\" width=\"636\" height=\"640\" src=\"http:\/\/zskarlino.pl\/wp-content\/uploads\/2020\/05\/madzia.png\" alt=\"\" class=\"wp-image-15196\" srcset=\"https:\/\/zskarlino.pl\/wp-content\/uploads\/2020\/05\/madzia.png 636w, https:\/\/zskarlino.pl\/wp-content\/uploads\/2020\/05\/madzia-298x300.png 298w, https:\/\/zskarlino.pl\/wp-content\/uploads\/2020\/05\/madzia-150x150.png 150w\" sizes=\"auto, (max-width: 636px) 100vw, 636px\" \/><\/figure><\/div>\n","protected":false},"excerpt":{"rendered":"<p>Dzi\u015b obchodzimy Dzie\u0144 Bibliotekarza i Bibliotek ! Wszystkim pracownikom Bibliotek sk\u0142adamy serdeczne \u017cyczenia :-) I cho\u0107 aktualnie cz\u0119\u015b\u0107 bibliotek jest zamkni\u0119ta to w zaciszu w\u0142asnych dom\u00f3w cz\u0119sto si\u0119gamy po ksi\u0105\u017cki. M\u00f3wi si\u0119, \u017ce ilu ludzi tyle opinii. W sprawie ksi\u0105\u017cek jest podobnie. S\u0105 tacy, kt\u00f3rzy lubi\u0105 czyta\u0107 biografie, inni rozp\u0142ywaj\u0105 si\u0119 w romansach a jeszcze &hellip; <\/p>\n<p><a class=\"more-link btn\" href=\"https:\/\/zskarlino.pl\/?p=15193\">Czytaj dalej<\/a><\/p>\n","protected":false},"author":3,"featured_media":15194,"comment_status":"closed","ping_status":"closed","sticky":false,"template":"","format":"standard","meta":{"footnotes":""},"categories":[3],"tags":[],"class_list":["post-15193","post","type-post","status-publish","format-standard","has-post-thumbnail","hentry","category-wydarzenia","item-wrap"],"_links":{"self":[{"href":"https:\/\/zskarlino.pl\/index.php?rest_route=\/wp\/v2\/posts\/15193","targetHints":{"allow":["GET"]}}],"collection":[{"href":"https:\/\/zskarlino.pl\/index.php?rest_route=\/wp\/v2\/posts"}],"about":[{"href":"https:\/\/zskarlino.pl\/index.php?rest_route=\/wp\/v2\/types\/post"}],"author":[{"embeddable":true,"href":"https:\/\/zskarlino.pl\/index.php?rest_route=\/wp\/v2\/users\/3"}],"replies":[{"embeddable":true,"href":"https:\/\/zskarlino.pl\/index.php?rest_route=%2Fwp%2Fv2%2Fcomments&post=15193"}],"version-history":[{"count":3,"href":"https:\/\/zskarlino.pl\/index.php?rest_route=\/wp\/v2\/posts\/15193\/revisions"}],"predecessor-version":[{"id":15199,"href":"https:\/\/zskarlino.pl\/index.php?rest_route=\/wp\/v2\/posts\/15193\/revisions\/15199"}],"wp:featuredmedia":[{"embeddable":true,"href":"https:\/\/zskarlino.pl\/index.php?rest_route=\/wp\/v2\/media\/15194"}],"wp:attachment":[{"href":"https:\/\/zskarlino.pl\/index.php?rest_route=%2Fwp%2Fv2%2Fmedia&parent=15193"}],"wp:term":[{"taxonomy":"category","embeddable":true,"href":"https:\/\/zskarlino.pl\/index.php?rest_route=%2Fwp%2Fv2%2Fcategories&post=15193"},{"taxonomy":"post_tag","embeddable":true,"href":"https:\/\/zskarlino.pl\/index.php?rest_route=%2Fwp%2Fv2%2Ftags&post=15193"}],"curies":[{"name":"wp","href":"https:\/\/api.w.org\/{rel}","templated":true}]}}