{"id":15057,"date":"2020-05-06T20:40:55","date_gmt":"2020-05-06T18:40:55","guid":{"rendered":"http:\/\/zskarlino.pl\/?p=15057"},"modified":"2020-05-06T21:03:59","modified_gmt":"2020-05-06T19:03:59","slug":"ankieta-rady-mlodziezy-wojewodztwa-zachodniopomorskiego","status":"publish","type":"post","link":"https:\/\/zskarlino.pl\/?p=15057","title":{"rendered":"Ankieta Rady M\u0142odzie\u017cy Wojew\u00f3dztwa Zachodniopomorskiego"},"content":{"rendered":"\n<p>Drodzy Uczniowie!<\/p>\n\n\n\n<p>Rada M\u0142odzie\u017cy Wojew\u00f3dztwa Zachodniopomorskiego zwraca si\u0119 za naszym po\u015brednictwem z pro\u015bb\u0105 o pomoc w przeprowadzeniu badania potrzeb m\u0142odzie\u017cy w naszym wojew\u00f3dztwie.<\/p>\n\n\n\n<p>Raport, kt\u00f3ry powstanie po zako\u0144czeniu analizy, b\u0119dzie podstaw\u0105 do podejmowania decyzji przy tworzeniu strategii dla m\u0142odzie\u017cy w kolejnych latach.<\/p>\n\n\n\n<p>Badanie jest ca\u0142kowicie anonimowe i dobrowolne, odbywa si\u0119 poprzez ankiet\u0119 do wype\u0142nienia pod adresem:<\/p>\n\n\n\n<p><a href=\"https:\/\/www.survio.com\/survey\/d\/rmwz\" target=\"_blank\" rel=\"noopener\">https:\/\/www.survio.com\/survey\/d\/rmwz<\/a><\/p>\n\n\n\n<p>Zach\u0119cam do wzi\u0119cia udzia\u0142u w badaniu, a je\u017celi jeste\u015bcie ciekawi czym zajmuje si\u0119 Rada to proponuj\u0119 wizyt\u0119 na jej stronie internetowej:   <a href=\"http:\/\/www.mlodziez.wzp.pl\/rada-mlodziezy-wojewodztwa-zachodniopomorskiego\/\" target=\"_blank\" rel=\"noopener\">http:\/\/www.mlodziez.wzp.pl\/rada-mlodziezy-wojewodztwa-zachodniopomorskiego\/<\/a><\/p>\n\n\n\n<p><\/p>\n\n\n\n<p class=\"has-text-align-right\">pozdrawiam<\/p>\n\n\n\n<p class=\"has-text-align-right\">J. Syga<\/p>\n\n\n\n<figure class=\"wp-block-image size-large\"><img loading=\"lazy\" decoding=\"async\" width=\"1024\" height=\"768\" src=\"http:\/\/zskarlino.pl\/wp-content\/uploads\/2020\/05\/ankieta_badanie-preferencji-m\u0142odzie\u017cy-RMWZ-1024x768.png\" alt=\"\" class=\"wp-image-15058\" srcset=\"https:\/\/zskarlino.pl\/wp-content\/uploads\/2020\/05\/ankieta_badanie-preferencji-m\u0142odzie\u017cy-RMWZ-1024x768.png 1024w, https:\/\/zskarlino.pl\/wp-content\/uploads\/2020\/05\/ankieta_badanie-preferencji-m\u0142odzie\u017cy-RMWZ-300x225.png 300w, https:\/\/zskarlino.pl\/wp-content\/uploads\/2020\/05\/ankieta_badanie-preferencji-m\u0142odzie\u017cy-RMWZ-768x576.png 768w, https:\/\/zskarlino.pl\/wp-content\/uploads\/2020\/05\/ankieta_badanie-preferencji-m\u0142odzie\u017cy-RMWZ.png 1200w\" sizes=\"auto, (max-width: 1024px) 100vw, 1024px\" \/><\/figure>\n","protected":false},"excerpt":{"rendered":"<p>Drodzy Uczniowie! Rada M\u0142odzie\u017cy Wojew\u00f3dztwa Zachodniopomorskiego zwraca si\u0119 za naszym po\u015brednictwem z pro\u015bb\u0105 o pomoc w przeprowadzeniu badania potrzeb m\u0142odzie\u017cy w naszym wojew\u00f3dztwie. Raport, kt\u00f3ry powstanie po zako\u0144czeniu analizy, b\u0119dzie podstaw\u0105 do podejmowania decyzji przy tworzeniu strategii dla m\u0142odzie\u017cy w kolejnych latach. Badanie jest ca\u0142kowicie anonimowe i dobrowolne, odbywa si\u0119 poprzez ankiet\u0119 do wype\u0142nienia pod &hellip; <\/p>\n<p><a class=\"more-link btn\" href=\"https:\/\/zskarlino.pl\/?p=15057\">Czytaj dalej<\/a><\/p>\n","protected":false},"author":8,"featured_media":0,"comment_status":"closed","ping_status":"closed","sticky":false,"template":"","format":"standard","meta":{"footnotes":""},"categories":[3],"tags":[],"class_list":["post-15057","post","type-post","status-publish","format-standard","hentry","category-wydarzenia","item-wrap"],"_links":{"self":[{"href":"https:\/\/zskarlino.pl\/index.php?rest_route=\/wp\/v2\/posts\/15057","targetHints":{"allow":["GET"]}}],"collection":[{"href":"https:\/\/zskarlino.pl\/index.php?rest_route=\/wp\/v2\/posts"}],"about":[{"href":"https:\/\/zskarlino.pl\/index.php?rest_route=\/wp\/v2\/types\/post"}],"author":[{"embeddable":true,"href":"https:\/\/zskarlino.pl\/index.php?rest_route=\/wp\/v2\/users\/8"}],"replies":[{"embeddable":true,"href":"https:\/\/zskarlino.pl\/index.php?rest_route=%2Fwp%2Fv2%2Fcomments&post=15057"}],"version-history":[{"count":2,"href":"https:\/\/zskarlino.pl\/index.php?rest_route=\/wp\/v2\/posts\/15057\/revisions"}],"predecessor-version":[{"id":15060,"href":"https:\/\/zskarlino.pl\/index.php?rest_route=\/wp\/v2\/posts\/15057\/revisions\/15060"}],"wp:attachment":[{"href":"https:\/\/zskarlino.pl\/index.php?rest_route=%2Fwp%2Fv2%2Fmedia&parent=15057"}],"wp:term":[{"taxonomy":"category","embeddable":true,"href":"https:\/\/zskarlino.pl\/index.php?rest_route=%2Fwp%2Fv2%2Fcategories&post=15057"},{"taxonomy":"post_tag","embeddable":true,"href":"https:\/\/zskarlino.pl\/index.php?rest_route=%2Fwp%2Fv2%2Ftags&post=15057"}],"curies":[{"name":"wp","href":"https:\/\/api.w.org\/{rel}","templated":true}]}}