{"id":14310,"date":"2020-04-24T16:02:00","date_gmt":"2020-04-24T14:02:00","guid":{"rendered":"http:\/\/zskarlino.pl\/?p=14310"},"modified":"2020-04-24T22:09:25","modified_gmt":"2020-04-24T20:09:25","slug":"organizacja-pracy-szkoly-od-27-kwietnia-2020-r","status":"publish","type":"post","link":"https:\/\/zskarlino.pl\/?p=14310","title":{"rendered":"Organizacja pracy szko\u0142y od 27 kwietnia 2020 r."},"content":{"rendered":"\n<p>Zgodnie z dzisiejszymi zapowiedziami Ministra Edukacji Narodowej ograniczenie w funkcjonowaniu szko\u0142y zostanie przed\u0142u\u017cone do 24 maja 2020 r. Ze zrozumieniem dla powagi sytuacji, ale bez entuzjazmu wszyscy przyjmujemy te decyzje. <br>Zatem kontynuujemy nauczanie zdalne w formule, kt\u00f3ra zosta\u0142a wprowadzona 25 marca i w zdecydowanej wi\u0119kszo\u015bci si\u0119 przyj\u0119\u0142a. <\/p>\n\n\n\n<p>Drodzy Uczniowie, <\/p>\n\n\n\n<p>Przypominam o konieczno\u015bci korzystania z dziennika elektronicznego i logowania si\u0119  za pomoc\u0105 w\u0142asnych login\u00f3w (nie rodzic\u00f3w), gdy\u017c to w\u0142a\u015bnie na tej podstawie mo\u017cemy zweryfikowa\u0107 realizowanie przez Was obowi\u0105zku nauki. Dodatkowo pami\u0119tajcie o wykonywaniu zda\u0144 przesy\u0142anych Wam przez nauczycieli, gdy\u017c niew\u0105tpliwie b\u0119d\u0105 one mia\u0142y wp\u0142yw na Wasze oceny roczne.<\/p>\n\n\n\n<p>Dodatkow\u0105 platform\u0105, na kt\u00f3rej prowadzimy zaj\u0119cia online i mo\u017cecie bezpo\u015brednio skontaktowa\u0107 si\u0119 z nauczycielami jest Microsoft Teams. Poni\u017cej podaj\u0119 link do film\u00f3w instrukta\u017cowych:<\/p>\n\n\n\n<p>   <a href=\"https:\/\/www.youtube.com\/playlist?list=PLztuKU0NB1iuCl8xCQJxis8IP2AP99z-4\" target=\"_blank\" rel=\"noopener\">https:\/\/www.youtube.com\/playlist?list=PLztuKU0NB1iuCl8xCQJxis8IP2AP99z-4<\/a><\/p>\n\n\n\n<p>Minister Edukacji poda\u0142 te\u017c prawdopodobne terminy tegorocznych matur i egzamin\u00f3w zawodowych. Poni\u017cej zamieszczam link do komunikat\u00f3w:<\/p>\n\n\n\n<p> <a href=\"https:\/\/www.gov.pl\/web\/edukacja\/harmonogram-egzaminow-2020\" target=\"_blank\" rel=\"noopener\">https:\/\/www.gov.pl\/web\/edukacja\/harmonogram-egzaminow-2020<\/a><\/p>\n\n\n\n<p>\u017byczymy Wam du\u017co zdrowia i wytrwa\u0142o\u015bci! <\/p>\n\n\n\n<p class=\"has-text-align-right\">Justyna Syga<br>Dyrektor Zespo\u0142u Szk\u00f3\u0142 w Karlinie<\/p>\n","protected":false},"excerpt":{"rendered":"<p>Zgodnie z dzisiejszymi zapowiedziami Ministra Edukacji Narodowej ograniczenie w funkcjonowaniu szko\u0142y zostanie przed\u0142u\u017cone do 24 maja 2020 r. Ze zrozumieniem dla powagi sytuacji, ale bez entuzjazmu wszyscy przyjmujemy te decyzje. Zatem kontynuujemy nauczanie zdalne w formule, kt\u00f3ra zosta\u0142a wprowadzona 25 marca i w zdecydowanej wi\u0119kszo\u015bci si\u0119 przyj\u0119\u0142a. Drodzy Uczniowie, Przypominam o konieczno\u015bci korzystania z dziennika &hellip; <\/p>\n<p><a class=\"more-link btn\" href=\"https:\/\/zskarlino.pl\/?p=14310\">Czytaj dalej<\/a><\/p>\n","protected":false},"author":8,"featured_media":13461,"comment_status":"closed","ping_status":"closed","sticky":false,"template":"","format":"standard","meta":{"footnotes":""},"categories":[4,5,2],"tags":[],"class_list":["post-14310","post","type-post","status-publish","format-standard","has-post-thumbnail","hentry","category-dla-rodzicow","category-dla-uczniow","category-ogloszenia","item-wrap"],"_links":{"self":[{"href":"https:\/\/zskarlino.pl\/index.php?rest_route=\/wp\/v2\/posts\/14310","targetHints":{"allow":["GET"]}}],"collection":[{"href":"https:\/\/zskarlino.pl\/index.php?rest_route=\/wp\/v2\/posts"}],"about":[{"href":"https:\/\/zskarlino.pl\/index.php?rest_route=\/wp\/v2\/types\/post"}],"author":[{"embeddable":true,"href":"https:\/\/zskarlino.pl\/index.php?rest_route=\/wp\/v2\/users\/8"}],"replies":[{"embeddable":true,"href":"https:\/\/zskarlino.pl\/index.php?rest_route=%2Fwp%2Fv2%2Fcomments&post=14310"}],"version-history":[{"count":1,"href":"https:\/\/zskarlino.pl\/index.php?rest_route=\/wp\/v2\/posts\/14310\/revisions"}],"predecessor-version":[{"id":14311,"href":"https:\/\/zskarlino.pl\/index.php?rest_route=\/wp\/v2\/posts\/14310\/revisions\/14311"}],"wp:featuredmedia":[{"embeddable":true,"href":"https:\/\/zskarlino.pl\/index.php?rest_route=\/wp\/v2\/media\/13461"}],"wp:attachment":[{"href":"https:\/\/zskarlino.pl\/index.php?rest_route=%2Fwp%2Fv2%2Fmedia&parent=14310"}],"wp:term":[{"taxonomy":"category","embeddable":true,"href":"https:\/\/zskarlino.pl\/index.php?rest_route=%2Fwp%2Fv2%2Fcategories&post=14310"},{"taxonomy":"post_tag","embeddable":true,"href":"https:\/\/zskarlino.pl\/index.php?rest_route=%2Fwp%2Fv2%2Ftags&post=14310"}],"curies":[{"name":"wp","href":"https:\/\/api.w.org\/{rel}","templated":true}]}}