{"id":13617,"date":"2020-04-14T11:01:12","date_gmt":"2020-04-14T09:01:12","guid":{"rendered":"http:\/\/zskarlino.pl\/?p=13617"},"modified":"2020-04-15T00:39:39","modified_gmt":"2020-04-14T22:39:39","slug":"organizacja-pracy-szkoly-aktualizacja-14-04","status":"publish","type":"post","link":"https:\/\/zskarlino.pl\/?p=13617","title":{"rendered":"Organizacja pracy szko\u0142y  &#8211; aktualizacja 14.04"},"content":{"rendered":"\n<p>Drodzy Uczniowie, Rodzice i Nauczyciele,<\/p>\n\n\n\n<p>Po przerwie \u015bwi\u0105tecznej, zgodnej z planem pracy szko\u0142y, wracamy do pracy. Niestety nadal jest to kszta\u0142cenie z wykorzystaniem narz\u0119dzi na odleg\u0142o\u015b\u0107 zgodnie z tymczasowym planem zaj\u0119\u0107, kt\u00f3ry ustalili\u015bmy 25 marca. Licz\u0119, \u017ce wypocz\u0119li\u015bcie i pi\u0119knie, bo w domu, sp\u0119dzili\u015bcie ten wielkanocny czas. <\/p>\n\n\n\n<p>Teraz czas na nowe wyzwania i pe\u0142n\u0105 mobilizacj\u0119, bo rok szkolny, zgodnie z zapowiedziami pana Ministra Edukacji Narodowej ma szanse sko\u0144czy\u0107 si\u0119 raczej w terminie. Natomiast nasze zaj\u0119cia raczej niestety szybko nie wr\u00f3c\u0105 do szko\u0142y.<\/p>\n\n\n\n<p>Co do egzamin\u00f3w nas czekaj\u0105cych &#8211; zar\u00f3wno maturalnych, jak i tych potwierdzaj\u0105cych kwalifikacje zawodowe b\u0119dziemy czeka\u0107 na dalsze informacje p\u0142yn\u0105ce z MEN i CKE. Najp\u00f3\u017aniej 21 dni przed egzaminami mamy pozna\u0107 ich ostateczny termin. Czy b\u0119dzie to wspominany podczas konferencji prasowych czerwiec, tego nikt teraz Nam nie zagwarantuje. Pozostaje zatem wytrwale pracowa\u0107, bo w ko\u0144cu, kiedy\u015b egzaminy si\u0119 odb\u0119d\u0105.<\/p>\n\n\n\n<p>My ze swojej strony staramy si\u0119 wspiera\u0107 Was w tych dzia\u0142aniach, jednak mamy \u015bwiadomo\u015b\u0107, \u017ce teraz prawdziwy ci\u0119\u017car odpowiedzialno\u015bci za rozw\u00f3j swoich umiej\u0119tno\u015bci i pog\u0142\u0119bianie wiedzy spoczywa w Waszych d\u0142oniach. Z ca\u0142ych si\u0142 wierzymy, \u017ce znajdziecie w sobie wystarczaj\u0105co du\u017co motywacji. <\/p>\n\n\n\n<p>Drodzy Rodzice, niestety nie mo\u017cemy spotka\u0107 si\u0119 z Wami w planowanych wcze\u015bniej terminach. Ale zar\u00f3wno wychowawcy, jak i nauczyciele jeste\u015bmy dost\u0119pni za pomoc\u0105 dziennika elektronicznego. W przypadku w\u0105tpliwo\u015bci lub potrzeby uzyskania dodatkowych informacji &#8211; prosimy o kontakt<\/p>\n\n\n\n<p>Drodzy Uczniowie i Rodzice,<br>Liczymy, \u017ce wsp\u00f3lnie uda nam si\u0119 przetrwa\u0107 ten czas pr\u00f3by dla naszej polskiej edukacji. Wszyscy uczymy si\u0119 funkcjonowania w bardzo trudnych warunkach. Zdajemy sobie spraw\u0119, \u017ce w obliczu tragedii, kt\u00f3ra dotyka ca\u0142y \u015bwiat, rozwijanie umiej\u0119tno\u015bci typowo szkolnych mo\u017ce przesta\u0107 by\u0107 priorytetowymi. <br>Nasze priorytety si\u0119 jednak nie zmieni\u0105 &#8211; dobro naszych uczni\u00f3w jest i b\u0119dzie dla nas najwa\u017cniejsze. Dlatego niezmiernie wa\u017cne jest, aby\u015bcie Wy &#8211; uczniowie podejmowali pr\u00f3by wykonywania zada\u0144 przez nas proponowanych. W obecnej sytuacji to podstawowy warunek uzyskania promocji do klas programowo wy\u017cszych lub uko\u0144czenia szko\u0142y. Musicie by\u0107 aktywni i reagowa\u0107 na informacje otrzymywane za pomoc\u0105 dziennika elektronicznego. <br>Je\u017celi dacie szans\u0119 sobie pom\u00f3c &#8211; my na pewno Wam takiej pomoc udzielimy. A Wasz sukces, b\u0119dzie naszym sukcesem.  <\/p>\n\n\n\n<p style=\"text-align:right\">Justyna Syga<br>Dyrektor Zespo\u0142u Szk\u00f3\u0142 w Karlinie<\/p>\n\n\n\n<p>Poni\u017cej zamieszczam odno\u015bniki do informacji Ministerstwa na temat organizacji pracy szk\u00f3\u0142 i harmonogramu egzamin\u00f3w.<\/p>\n\n\n\n<p><a href=\"https:\/\/www.gov.pl\/web\/edukacja\/ksztalcenie-na-odleglosc-przedluzone-do-26-kwietnia\" target=\"_blank\" rel=\"noopener\">https:\/\/www.gov.pl\/web\/edukacja\/ksztalcenie-na-odleglosc-przedluzone-do-26-kwietnia<\/a><\/p>\n\n\n\n<p><a href=\"https:\/\/www.gov.pl\/web\/edukacja\/harmonogram-egzaminow-i-rekrutacji--nowe-rozwiazania\" target=\"_blank\" rel=\"noopener\">https:\/\/www.gov.pl\/web\/edukacja\/harmonogram-egzaminow-i-rekrutacji&#8211;nowe-rozwiazania<\/a><\/p>\n","protected":false},"excerpt":{"rendered":"<p>Drodzy Uczniowie, Rodzice i Nauczyciele, Po przerwie \u015bwi\u0105tecznej, zgodnej z planem pracy szko\u0142y, wracamy do pracy. Niestety nadal jest to kszta\u0142cenie z wykorzystaniem narz\u0119dzi na odleg\u0142o\u015b\u0107 zgodnie z tymczasowym planem zaj\u0119\u0107, kt\u00f3ry ustalili\u015bmy 25 marca. Licz\u0119, \u017ce wypocz\u0119li\u015bcie i pi\u0119knie, bo w domu, sp\u0119dzili\u015bcie ten wielkanocny czas. Teraz czas na nowe wyzwania i pe\u0142n\u0105 mobilizacj\u0119, &hellip; <\/p>\n<p><a class=\"more-link btn\" href=\"https:\/\/zskarlino.pl\/?p=13617\">Czytaj dalej<\/a><\/p>\n","protected":false},"author":8,"featured_media":0,"comment_status":"closed","ping_status":"closed","sticky":false,"template":"","format":"standard","meta":{"footnotes":""},"categories":[3],"tags":[],"class_list":["post-13617","post","type-post","status-publish","format-standard","hentry","category-wydarzenia","item-wrap"],"_links":{"self":[{"href":"https:\/\/zskarlino.pl\/index.php?rest_route=\/wp\/v2\/posts\/13617","targetHints":{"allow":["GET"]}}],"collection":[{"href":"https:\/\/zskarlino.pl\/index.php?rest_route=\/wp\/v2\/posts"}],"about":[{"href":"https:\/\/zskarlino.pl\/index.php?rest_route=\/wp\/v2\/types\/post"}],"author":[{"embeddable":true,"href":"https:\/\/zskarlino.pl\/index.php?rest_route=\/wp\/v2\/users\/8"}],"replies":[{"embeddable":true,"href":"https:\/\/zskarlino.pl\/index.php?rest_route=%2Fwp%2Fv2%2Fcomments&post=13617"}],"version-history":[{"count":1,"href":"https:\/\/zskarlino.pl\/index.php?rest_route=\/wp\/v2\/posts\/13617\/revisions"}],"predecessor-version":[{"id":13638,"href":"https:\/\/zskarlino.pl\/index.php?rest_route=\/wp\/v2\/posts\/13617\/revisions\/13638"}],"wp:attachment":[{"href":"https:\/\/zskarlino.pl\/index.php?rest_route=%2Fwp%2Fv2%2Fmedia&parent=13617"}],"wp:term":[{"taxonomy":"category","embeddable":true,"href":"https:\/\/zskarlino.pl\/index.php?rest_route=%2Fwp%2Fv2%2Fcategories&post=13617"},{"taxonomy":"post_tag","embeddable":true,"href":"https:\/\/zskarlino.pl\/index.php?rest_route=%2Fwp%2Fv2%2Ftags&post=13617"}],"curies":[{"name":"wp","href":"https:\/\/api.w.org\/{rel}","templated":true}]}}